{"id":3367,"date":"2024-05-03T00:00:00","date_gmt":"2024-05-03T00:00:00","guid":{"rendered":"https:\/\/lassalinas.cl\/sin-categorizar\/during-the-month-of-may-the-final-phase-of-sanitation-will-be-awarded\/"},"modified":"2024-05-03T00:00:00","modified_gmt":"2024-05-03T00:00:00","slug":"during-the-month-of-may-the-final-phase-of-sanitation-will-be-awarded","status":"publish","type":"post","link":"https:\/\/lassalinas.cl\/en\/during-the-month-of-may-the-final-phase-of-sanitation-will-be-awarded\/","title":{"rendered":"During the month of May the final phase of sanitation will be awarded"},"content":{"rendered":"<p>Check out a note published by , regarding the progress of the bidding process for the consortium of companies that will remediate the Las Salinas site: The entity reported yesterday on the roadmap towards the last stage of environmental remediation of the emblematic sector of the garden city, whose fate is still under debate. According to Inmobiliaria Las Salinas, in early May the bidding for the work will be awarded among the seven international consortiums selected. After this step, progress will be made in the detailed engineering, collecting the necessary information to carry out the bioremediation, a technique with more than 40 years of worldwide application, considered ideal for Las Salinas. The entity emphasized that, together with the environmental authority, adjustments are being made to the participatory monitoring plan. In addition, an information program continues to inform the community about soil remediation in this area, which is key to the industrial stage of Vi\u00f1a del Mar. As for the start of the work, it is projected for the beginning of the second half of this year. It is detailed that work will be carried out for 2.5 years in the northern section, and then the process will be repeated for an equal period in the southern section, covering the 16 hectares in front of Jorge Montt Avenue. Finally, it was also announced that the work &#8220;will be carried out once the environmental proceedings have been completed and the favorable decision of the Committee of Ministers has been obtained&#8221;.<\/p>\n","protected":false},"excerpt":{"rendered":"<p>Check out a note published by , regarding the progress of the bidding process for the consortium of companies that will remediate the Las Salinas site: The entity reported yesterday on the roadmap towards the last stage of environmental remediation of the emblematic sector of the garden city, whose fate is still under debate. According [&hellip;]<\/p>\n","protected":false},"author":1,"featured_media":1127,"comment_status":"closed","ping_status":"closed","sticky":false,"template":"","format":"standard","meta":{"footnotes":""},"categories":[82,83,84],"tags":[],"class_list":["post-3367","post","type-post","status-publish","format-standard","has-post-thumbnail","hentry","category-publications-and-media","category-remediation","category-we"],"yoast_head":"<!-- This site is optimized with the Yoast SEO plugin v27.3 - https:\/\/yoast.com\/product\/yoast-seo-wordpress\/ -->\n<title>During the month of May the final phase of sanitation will be awarded - Las Salinas<\/title>\n<meta name=\"description\" content=\"Descubre c\u00f3mo estamos recuperando un espacio emblem\u00e1tico para la ciudad a trav\u00e9s del saneamiento de suelos contaminados.\" \/>\n<meta name=\"robots\" content=\"index, follow, max-snippet:-1, max-image-preview:large, max-video-preview:-1\" \/>\n<link rel=\"canonical\" href=\"https:\/\/lassalinas.cl\/en\/during-the-month-of-may-the-final-phase-of-sanitation-will-be-awarded\/\" \/>\n<meta property=\"og:locale\" content=\"en_US\" \/>\n<meta property=\"og:type\" content=\"article\" \/>\n<meta property=\"og:title\" content=\"During the month of May the final phase of sanitation will be awarded - Las Salinas\" \/>\n<meta property=\"og:description\" content=\"Descubre c\u00f3mo estamos recuperando un espacio emblem\u00e1tico para la ciudad a trav\u00e9s del saneamiento de suelos contaminados.\" \/>\n<meta property=\"og:url\" content=\"https:\/\/lassalinas.cl\/en\/during-the-month-of-may-the-final-phase-of-sanitation-will-be-awarded\/\" \/>\n<meta property=\"og:site_name\" content=\"Las Salinas\" \/>\n<meta property=\"article:publisher\" content=\"https:\/\/web.facebook.com\/somoslassalinas\" \/>\n<meta property=\"article:published_time\" content=\"2024-05-03T00:00:00+00:00\" \/>\n<meta property=\"og:image\" content=\"https:\/\/lassalinas.cl\/wp-content\/uploads\/2024\/10\/file_20240426082009.jpeg\" \/>\n\t<meta property=\"og:image:width\" content=\"1\" \/>\n\t<meta property=\"og:image:height\" content=\"1\" \/>\n\t<meta property=\"og:image:type\" content=\"image\/jpeg\" \/>\n<meta name=\"author\" content=\"test_n6zg78\" \/>\n<meta name=\"twitter:card\" content=\"summary_large_image\" \/>\n<meta name=\"twitter:creator\" content=\"@SomosLasSalinas\" \/>\n<meta name=\"twitter:site\" content=\"@SomosLasSalinas\" \/>\n<meta name=\"twitter:label1\" content=\"Written by\" \/>\n\t<meta name=\"twitter:data1\" content=\"test_n6zg78\" \/>\n\t<meta name=\"twitter:label2\" content=\"Est. reading time\" \/>\n\t<meta name=\"twitter:data2\" content=\"1 minute\" \/>\n<script type=\"application\/ld+json\" class=\"yoast-schema-graph\">{\"@context\":\"https:\\\/\\\/schema.org\",\"@graph\":[{\"@type\":\"Article\",\"@id\":\"https:\\\/\\\/lassalinas.cl\\\/en\\\/during-the-month-of-may-the-final-phase-of-sanitation-will-be-awarded\\\/#article\",\"isPartOf\":{\"@id\":\"https:\\\/\\\/lassalinas.cl\\\/en\\\/during-the-month-of-may-the-final-phase-of-sanitation-will-be-awarded\\\/\"},\"author\":{\"name\":\"test_n6zg78\",\"@id\":\"https:\\\/\\\/lassalinas.cl\\\/en\\\/#\\\/schema\\\/person\\\/2cb28f17281d978c10ff80bf255768a9\"},\"headline\":\"During the month of May the final phase of sanitation will be awarded\",\"datePublished\":\"2024-05-03T00:00:00+00:00\",\"mainEntityOfPage\":{\"@id\":\"https:\\\/\\\/lassalinas.cl\\\/en\\\/during-the-month-of-may-the-final-phase-of-sanitation-will-be-awarded\\\/\"},\"wordCount\":258,\"image\":{\"@id\":\"https:\\\/\\\/lassalinas.cl\\\/en\\\/during-the-month-of-may-the-final-phase-of-sanitation-will-be-awarded\\\/#primaryimage\"},\"thumbnailUrl\":\"https:\\\/\\\/lassalinas.cl\\\/wp-content\\\/uploads\\\/2024\\\/10\\\/file_20240426082009.avif\",\"articleSection\":[\"Publications and Media\",\"Remediation\",\"We\"],\"inLanguage\":\"en-US\"},{\"@type\":[\"WebPage\",\"ItemPage\"],\"@id\":\"https:\\\/\\\/lassalinas.cl\\\/en\\\/during-the-month-of-may-the-final-phase-of-sanitation-will-be-awarded\\\/\",\"url\":\"https:\\\/\\\/lassalinas.cl\\\/en\\\/during-the-month-of-may-the-final-phase-of-sanitation-will-be-awarded\\\/\",\"name\":\"During the month of May the final phase of sanitation will be awarded - Las Salinas\",\"isPartOf\":{\"@id\":\"https:\\\/\\\/lassalinas.cl\\\/en\\\/#website\"},\"primaryImageOfPage\":{\"@id\":\"https:\\\/\\\/lassalinas.cl\\\/en\\\/during-the-month-of-may-the-final-phase-of-sanitation-will-be-awarded\\\/#primaryimage\"},\"image\":{\"@id\":\"https:\\\/\\\/lassalinas.cl\\\/en\\\/during-the-month-of-may-the-final-phase-of-sanitation-will-be-awarded\\\/#primaryimage\"},\"thumbnailUrl\":\"https:\\\/\\\/lassalinas.cl\\\/wp-content\\\/uploads\\\/2024\\\/10\\\/file_20240426082009.avif\",\"datePublished\":\"2024-05-03T00:00:00+00:00\",\"author\":{\"@id\":\"https:\\\/\\\/lassalinas.cl\\\/en\\\/#\\\/schema\\\/person\\\/2cb28f17281d978c10ff80bf255768a9\"},\"description\":\"Descubre c\u00f3mo estamos recuperando un espacio emblem\u00e1tico para la ciudad a trav\u00e9s del saneamiento de suelos contaminados.\",\"breadcrumb\":{\"@id\":\"https:\\\/\\\/lassalinas.cl\\\/en\\\/during-the-month-of-may-the-final-phase-of-sanitation-will-be-awarded\\\/#breadcrumb\"},\"inLanguage\":\"en-US\",\"potentialAction\":[{\"@type\":\"ReadAction\",\"target\":[\"https:\\\/\\\/lassalinas.cl\\\/en\\\/during-the-month-of-may-the-final-phase-of-sanitation-will-be-awarded\\\/\"]}]},{\"@type\":\"ImageObject\",\"inLanguage\":\"en-US\",\"@id\":\"https:\\\/\\\/lassalinas.cl\\\/en\\\/during-the-month-of-may-the-final-phase-of-sanitation-will-be-awarded\\\/#primaryimage\",\"url\":\"https:\\\/\\\/lassalinas.cl\\\/wp-content\\\/uploads\\\/2024\\\/10\\\/file_20240426082009.avif\",\"contentUrl\":\"https:\\\/\\\/lassalinas.cl\\\/wp-content\\\/uploads\\\/2024\\\/10\\\/file_20240426082009.avif\",\"width\":820,\"height\":460},{\"@type\":\"BreadcrumbList\",\"@id\":\"https:\\\/\\\/lassalinas.cl\\\/en\\\/during-the-month-of-may-the-final-phase-of-sanitation-will-be-awarded\\\/#breadcrumb\",\"itemListElement\":[{\"@type\":\"ListItem\",\"position\":1,\"name\":\"Portada\",\"item\":\"https:\\\/\\\/lassalinas.cl\\\/en\\\/\"},{\"@type\":\"ListItem\",\"position\":2,\"name\":\"During the month of May the final phase of sanitation will be awarded\"}]},{\"@type\":\"WebSite\",\"@id\":\"https:\\\/\\\/lassalinas.cl\\\/en\\\/#website\",\"url\":\"https:\\\/\\\/lassalinas.cl\\\/en\\\/\",\"name\":\"Las Salinas\",\"description\":\"Impulsando un Vi\u00f1a del Mar m\u00e1s sustentable\",\"potentialAction\":[{\"@type\":\"SearchAction\",\"target\":{\"@type\":\"EntryPoint\",\"urlTemplate\":\"https:\\\/\\\/lassalinas.cl\\\/en\\\/?s={search_term_string}\"},\"query-input\":{\"@type\":\"PropertyValueSpecification\",\"valueRequired\":true,\"valueName\":\"search_term_string\"}}],\"inLanguage\":\"en-US\"},{\"@type\":\"Person\",\"@id\":\"https:\\\/\\\/lassalinas.cl\\\/en\\\/#\\\/schema\\\/person\\\/2cb28f17281d978c10ff80bf255768a9\",\"name\":\"test_n6zg78\",\"sameAs\":[\"https:\\\/\\\/lassalinas.cl\"],\"url\":\"https:\\\/\\\/lassalinas.cl\\\/en\\\/author\\\/test_n6zg78\\\/\"}]}<\/script>\n<!-- \/ Yoast SEO plugin. -->","yoast_head_json":{"title":"During the month of May the final phase of sanitation will be awarded - Las Salinas","description":"Descubre c\u00f3mo estamos recuperando un espacio emblem\u00e1tico para la ciudad a trav\u00e9s del saneamiento de suelos contaminados.","robots":{"index":"index","follow":"follow","max-snippet":"max-snippet:-1","max-image-preview":"max-image-preview:large","max-video-preview":"max-video-preview:-1"},"canonical":"https:\/\/lassalinas.cl\/en\/during-the-month-of-may-the-final-phase-of-sanitation-will-be-awarded\/","og_locale":"en_US","og_type":"article","og_title":"During the month of May the final phase of sanitation will be awarded - Las Salinas","og_description":"Descubre c\u00f3mo estamos recuperando un espacio emblem\u00e1tico para la ciudad a trav\u00e9s del saneamiento de suelos contaminados.","og_url":"https:\/\/lassalinas.cl\/en\/during-the-month-of-may-the-final-phase-of-sanitation-will-be-awarded\/","og_site_name":"Las Salinas","article_publisher":"https:\/\/web.facebook.com\/somoslassalinas","article_published_time":"2024-05-03T00:00:00+00:00","og_image":[{"url":"https:\/\/lassalinas.cl\/wp-content\/uploads\/2024\/10\/file_20240426082009.jpeg","width":1,"height":1,"type":"image\/jpeg"}],"author":"test_n6zg78","twitter_card":"summary_large_image","twitter_creator":"@SomosLasSalinas","twitter_site":"@SomosLasSalinas","twitter_misc":{"Written by":"test_n6zg78","Est. reading time":"1 minute"},"schema":{"@context":"https:\/\/schema.org","@graph":[{"@type":"Article","@id":"https:\/\/lassalinas.cl\/en\/during-the-month-of-may-the-final-phase-of-sanitation-will-be-awarded\/#article","isPartOf":{"@id":"https:\/\/lassalinas.cl\/en\/during-the-month-of-may-the-final-phase-of-sanitation-will-be-awarded\/"},"author":{"name":"test_n6zg78","@id":"https:\/\/lassalinas.cl\/en\/#\/schema\/person\/2cb28f17281d978c10ff80bf255768a9"},"headline":"During the month of May the final phase of sanitation will be awarded","datePublished":"2024-05-03T00:00:00+00:00","mainEntityOfPage":{"@id":"https:\/\/lassalinas.cl\/en\/during-the-month-of-may-the-final-phase-of-sanitation-will-be-awarded\/"},"wordCount":258,"image":{"@id":"https:\/\/lassalinas.cl\/en\/during-the-month-of-may-the-final-phase-of-sanitation-will-be-awarded\/#primaryimage"},"thumbnailUrl":"https:\/\/lassalinas.cl\/wp-content\/uploads\/2024\/10\/file_20240426082009.avif","articleSection":["Publications and Media","Remediation","We"],"inLanguage":"en-US"},{"@type":["WebPage","ItemPage"],"@id":"https:\/\/lassalinas.cl\/en\/during-the-month-of-may-the-final-phase-of-sanitation-will-be-awarded\/","url":"https:\/\/lassalinas.cl\/en\/during-the-month-of-may-the-final-phase-of-sanitation-will-be-awarded\/","name":"During the month of May the final phase of sanitation will be awarded - Las Salinas","isPartOf":{"@id":"https:\/\/lassalinas.cl\/en\/#website"},"primaryImageOfPage":{"@id":"https:\/\/lassalinas.cl\/en\/during-the-month-of-may-the-final-phase-of-sanitation-will-be-awarded\/#primaryimage"},"image":{"@id":"https:\/\/lassalinas.cl\/en\/during-the-month-of-may-the-final-phase-of-sanitation-will-be-awarded\/#primaryimage"},"thumbnailUrl":"https:\/\/lassalinas.cl\/wp-content\/uploads\/2024\/10\/file_20240426082009.avif","datePublished":"2024-05-03T00:00:00+00:00","author":{"@id":"https:\/\/lassalinas.cl\/en\/#\/schema\/person\/2cb28f17281d978c10ff80bf255768a9"},"description":"Descubre c\u00f3mo estamos recuperando un espacio emblem\u00e1tico para la ciudad a trav\u00e9s del saneamiento de suelos contaminados.","breadcrumb":{"@id":"https:\/\/lassalinas.cl\/en\/during-the-month-of-may-the-final-phase-of-sanitation-will-be-awarded\/#breadcrumb"},"inLanguage":"en-US","potentialAction":[{"@type":"ReadAction","target":["https:\/\/lassalinas.cl\/en\/during-the-month-of-may-the-final-phase-of-sanitation-will-be-awarded\/"]}]},{"@type":"ImageObject","inLanguage":"en-US","@id":"https:\/\/lassalinas.cl\/en\/during-the-month-of-may-the-final-phase-of-sanitation-will-be-awarded\/#primaryimage","url":"https:\/\/lassalinas.cl\/wp-content\/uploads\/2024\/10\/file_20240426082009.avif","contentUrl":"https:\/\/lassalinas.cl\/wp-content\/uploads\/2024\/10\/file_20240426082009.avif","width":820,"height":460},{"@type":"BreadcrumbList","@id":"https:\/\/lassalinas.cl\/en\/during-the-month-of-may-the-final-phase-of-sanitation-will-be-awarded\/#breadcrumb","itemListElement":[{"@type":"ListItem","position":1,"name":"Portada","item":"https:\/\/lassalinas.cl\/en\/"},{"@type":"ListItem","position":2,"name":"During the month of May the final phase of sanitation will be awarded"}]},{"@type":"WebSite","@id":"https:\/\/lassalinas.cl\/en\/#website","url":"https:\/\/lassalinas.cl\/en\/","name":"Las Salinas","description":"Impulsando un Vi\u00f1a del Mar m\u00e1s sustentable","potentialAction":[{"@type":"SearchAction","target":{"@type":"EntryPoint","urlTemplate":"https:\/\/lassalinas.cl\/en\/?s={search_term_string}"},"query-input":{"@type":"PropertyValueSpecification","valueRequired":true,"valueName":"search_term_string"}}],"inLanguage":"en-US"},{"@type":"Person","@id":"https:\/\/lassalinas.cl\/en\/#\/schema\/person\/2cb28f17281d978c10ff80bf255768a9","name":"test_n6zg78","sameAs":["https:\/\/lassalinas.cl"],"url":"https:\/\/lassalinas.cl\/en\/author\/test_n6zg78\/"}]}},"_links":{"self":[{"href":"https:\/\/lassalinas.cl\/en\/wp-json\/wp\/v2\/posts\/3367","targetHints":{"allow":["GET"]}}],"collection":[{"href":"https:\/\/lassalinas.cl\/en\/wp-json\/wp\/v2\/posts"}],"about":[{"href":"https:\/\/lassalinas.cl\/en\/wp-json\/wp\/v2\/types\/post"}],"author":[{"embeddable":true,"href":"https:\/\/lassalinas.cl\/en\/wp-json\/wp\/v2\/users\/1"}],"replies":[{"embeddable":true,"href":"https:\/\/lassalinas.cl\/en\/wp-json\/wp\/v2\/comments?post=3367"}],"version-history":[{"count":0,"href":"https:\/\/lassalinas.cl\/en\/wp-json\/wp\/v2\/posts\/3367\/revisions"}],"wp:featuredmedia":[{"embeddable":true,"href":"https:\/\/lassalinas.cl\/en\/wp-json\/wp\/v2\/media\/1127"}],"wp:attachment":[{"href":"https:\/\/lassalinas.cl\/en\/wp-json\/wp\/v2\/media?parent=3367"}],"wp:term":[{"taxonomy":"category","embeddable":true,"href":"https:\/\/lassalinas.cl\/en\/wp-json\/wp\/v2\/categories?post=3367"},{"taxonomy":"post_tag","embeddable":true,"href":"https:\/\/lassalinas.cl\/en\/wp-json\/wp\/v2\/tags?post=3367"}],"curies":[{"name":"wp","href":"https:\/\/api.w.org\/{rel}","templated":true}]}}