{"id":3380,"date":"2024-10-22T15:53:26","date_gmt":"2024-10-22T15:53:26","guid":{"rendered":"https:\/\/lassalinas.cl\/sin-categorizar\/public-statement-appeal-court-of-appeals-of-valparaiso\/"},"modified":"2026-04-11T05:34:02","modified_gmt":"2026-04-11T05:34:02","slug":"public-statement-appeal-court-of-appeals-of-valparaiso","status":"publish","type":"post","link":"https:\/\/lassalinas.cl\/en\/public-statement-appeal-court-of-appeals-of-valparaiso\/","title":{"rendered":"Public Statement Appeal Court of Appeals of Valpara\u00edso"},"content":{"rendered":"\n<p>Regarding the filing of an appeal for protection that a self-proclaimed environmental organization has filed today, October 22, with the Court of Appeals of Valpara\u00edso, Las Salinas declares that to date we have not been notified nor are we aware of the arguments that would support such action.<\/p>\n\n<p>If true, this would be the eighth time that organizations of this type, abusing the instruments allowed by our legislation, try to build artificially, with arguments used for convenience and that have been repeatedly rejected by various environmental and judicial instances, obstacles to carry out a project that seeks to generate a positive social and environmental impact through the cleanup and remediation of a site with an industrial past and that also has all the reviews and authorizations of the environmental institutions.<\/p>\n\n<p>We regret this situation and confirm our commitment to move forward in a serious and rigorous manner to complete the reclamation of the land with a project of excellence, which complies with the most demanding national and international standards, with the greatest safety for people and the environment, and whose objective is to contribute to the integral development of Vi\u00f1a del Mar.<\/p>\n\n<p>Once again we express our respect and confidence in the country&#8217;s institutions, and we will continue to inform the community with complete transparency about the progress of this initiative, which is a milestone in environmental regeneration in Chile.<\/p>\n","protected":false},"excerpt":{"rendered":"<p>Regarding the filing of an appeal for protection that a self-proclaimed environmental organization has filed today, October 22, with the Court of Appeals of Valpara\u00edso, Las Salinas declares that to date we have not been notified nor are we aware of the arguments that would support such action. If true, this would be the eighth [&hellip;]<\/p>\n","protected":false},"author":4,"featured_media":3253,"comment_status":"closed","ping_status":"closed","sticky":false,"template":"","format":"standard","meta":{"footnotes":""},"categories":[84],"tags":[],"class_list":["post-3380","post","type-post","status-publish","format-standard","has-post-thumbnail","hentry","category-we"],"yoast_head":"<!-- This site is optimized with the Yoast SEO plugin v27.3 - https:\/\/yoast.com\/product\/yoast-seo-wordpress\/ -->\n<title>Public Statement Appeal Court of Appeals of Valpara\u00edso - Las Salinas<\/title>\n<meta name=\"description\" content=\"Descubre c\u00f3mo estamos recuperando un espacio emblem\u00e1tico para la ciudad a trav\u00e9s del saneamiento de suelos contaminados.\" \/>\n<meta name=\"robots\" content=\"index, follow, max-snippet:-1, max-image-preview:large, max-video-preview:-1\" \/>\n<link rel=\"canonical\" href=\"https:\/\/lassalinas.cl\/en\/public-statement-appeal-court-of-appeals-of-valparaiso\/\" \/>\n<meta property=\"og:locale\" content=\"en_US\" \/>\n<meta property=\"og:type\" content=\"article\" \/>\n<meta property=\"og:title\" content=\"Public Statement Appeal Court of Appeals of Valpara\u00edso - Las Salinas\" \/>\n<meta property=\"og:description\" content=\"Descubre c\u00f3mo estamos recuperando un espacio emblem\u00e1tico para la ciudad a trav\u00e9s del saneamiento de suelos contaminados.\" \/>\n<meta property=\"og:url\" content=\"https:\/\/lassalinas.cl\/en\/public-statement-appeal-court-of-appeals-of-valparaiso\/\" \/>\n<meta property=\"og:site_name\" content=\"Las Salinas\" \/>\n<meta property=\"article:publisher\" content=\"https:\/\/web.facebook.com\/somoslassalinas\" \/>\n<meta property=\"article:published_time\" content=\"2024-10-22T15:53:26+00:00\" \/>\n<meta property=\"article:modified_time\" content=\"2026-04-11T05:34:02+00:00\" \/>\n<meta property=\"og:image\" content=\"https:\/\/lassalinas.cl\/wp-content\/uploads\/2024\/11\/Foto-DP-web.avif\" \/>\n\t<meta property=\"og:image:width\" content=\"800\" \/>\n\t<meta property=\"og:image:height\" content=\"1067\" \/>\n\t<meta property=\"og:image:type\" content=\"image\/jpeg\" \/>\n<meta name=\"author\" content=\"psaavedra@lassalinas.cl\" \/>\n<meta name=\"twitter:card\" content=\"summary_large_image\" \/>\n<meta name=\"twitter:creator\" content=\"@SomosLasSalinas\" \/>\n<meta name=\"twitter:site\" content=\"@SomosLasSalinas\" \/>\n<meta name=\"twitter:label1\" content=\"Written by\" \/>\n\t<meta name=\"twitter:data1\" content=\"psaavedra@lassalinas.cl\" \/>\n\t<meta name=\"twitter:label2\" content=\"Est. reading time\" \/>\n\t<meta name=\"twitter:data2\" content=\"1 minute\" \/>\n<script type=\"application\/ld+json\" class=\"yoast-schema-graph\">{\"@context\":\"https:\\\/\\\/schema.org\",\"@graph\":[{\"@type\":\"Article\",\"@id\":\"https:\\\/\\\/lassalinas.cl\\\/en\\\/public-statement-appeal-court-of-appeals-of-valparaiso\\\/#article\",\"isPartOf\":{\"@id\":\"https:\\\/\\\/lassalinas.cl\\\/en\\\/public-statement-appeal-court-of-appeals-of-valparaiso\\\/\"},\"author\":{\"name\":\"psaavedra@lassalinas.cl\",\"@id\":\"https:\\\/\\\/lassalinas.cl\\\/en\\\/#\\\/schema\\\/person\\\/3d5351f0e42a40f2f2f43dde3087c6d8\"},\"headline\":\"Public Statement Appeal Court of Appeals of Valpara\u00edso\",\"datePublished\":\"2024-10-22T15:53:26+00:00\",\"dateModified\":\"2026-04-11T05:34:02+00:00\",\"mainEntityOfPage\":{\"@id\":\"https:\\\/\\\/lassalinas.cl\\\/en\\\/public-statement-appeal-court-of-appeals-of-valparaiso\\\/\"},\"wordCount\":241,\"image\":{\"@id\":\"https:\\\/\\\/lassalinas.cl\\\/en\\\/public-statement-appeal-court-of-appeals-of-valparaiso\\\/#primaryimage\"},\"thumbnailUrl\":\"https:\\\/\\\/lassalinas.cl\\\/wp-content\\\/uploads\\\/2024\\\/11\\\/Foto-DP-web.avif\",\"articleSection\":[\"We\"],\"inLanguage\":\"en-US\"},{\"@type\":[\"WebPage\",\"ItemPage\"],\"@id\":\"https:\\\/\\\/lassalinas.cl\\\/en\\\/public-statement-appeal-court-of-appeals-of-valparaiso\\\/\",\"url\":\"https:\\\/\\\/lassalinas.cl\\\/en\\\/public-statement-appeal-court-of-appeals-of-valparaiso\\\/\",\"name\":\"Public Statement Appeal Court of Appeals of Valpara\u00edso - Las Salinas\",\"isPartOf\":{\"@id\":\"https:\\\/\\\/lassalinas.cl\\\/en\\\/#website\"},\"primaryImageOfPage\":{\"@id\":\"https:\\\/\\\/lassalinas.cl\\\/en\\\/public-statement-appeal-court-of-appeals-of-valparaiso\\\/#primaryimage\"},\"image\":{\"@id\":\"https:\\\/\\\/lassalinas.cl\\\/en\\\/public-statement-appeal-court-of-appeals-of-valparaiso\\\/#primaryimage\"},\"thumbnailUrl\":\"https:\\\/\\\/lassalinas.cl\\\/wp-content\\\/uploads\\\/2024\\\/11\\\/Foto-DP-web.avif\",\"datePublished\":\"2024-10-22T15:53:26+00:00\",\"dateModified\":\"2026-04-11T05:34:02+00:00\",\"author\":{\"@id\":\"https:\\\/\\\/lassalinas.cl\\\/en\\\/#\\\/schema\\\/person\\\/3d5351f0e42a40f2f2f43dde3087c6d8\"},\"description\":\"Descubre c\u00f3mo estamos recuperando un espacio emblem\u00e1tico para la ciudad a trav\u00e9s del saneamiento de suelos contaminados.\",\"breadcrumb\":{\"@id\":\"https:\\\/\\\/lassalinas.cl\\\/en\\\/public-statement-appeal-court-of-appeals-of-valparaiso\\\/#breadcrumb\"},\"inLanguage\":\"en-US\",\"potentialAction\":[{\"@type\":\"ReadAction\",\"target\":[\"https:\\\/\\\/lassalinas.cl\\\/en\\\/public-statement-appeal-court-of-appeals-of-valparaiso\\\/\"]}]},{\"@type\":\"ImageObject\",\"inLanguage\":\"en-US\",\"@id\":\"https:\\\/\\\/lassalinas.cl\\\/en\\\/public-statement-appeal-court-of-appeals-of-valparaiso\\\/#primaryimage\",\"url\":\"https:\\\/\\\/lassalinas.cl\\\/wp-content\\\/uploads\\\/2024\\\/11\\\/Foto-DP-web.avif\",\"contentUrl\":\"https:\\\/\\\/lassalinas.cl\\\/wp-content\\\/uploads\\\/2024\\\/11\\\/Foto-DP-web.avif\",\"width\":800,\"height\":1067},{\"@type\":\"BreadcrumbList\",\"@id\":\"https:\\\/\\\/lassalinas.cl\\\/en\\\/public-statement-appeal-court-of-appeals-of-valparaiso\\\/#breadcrumb\",\"itemListElement\":[{\"@type\":\"ListItem\",\"position\":1,\"name\":\"Portada\",\"item\":\"https:\\\/\\\/lassalinas.cl\\\/en\\\/\"},{\"@type\":\"ListItem\",\"position\":2,\"name\":\"Public Statement Appeal Court of Appeals of Valpara\u00edso\"}]},{\"@type\":\"WebSite\",\"@id\":\"https:\\\/\\\/lassalinas.cl\\\/en\\\/#website\",\"url\":\"https:\\\/\\\/lassalinas.cl\\\/en\\\/\",\"name\":\"Las Salinas\",\"description\":\"Impulsando un Vi\u00f1a del Mar m\u00e1s sustentable\",\"potentialAction\":[{\"@type\":\"SearchAction\",\"target\":{\"@type\":\"EntryPoint\",\"urlTemplate\":\"https:\\\/\\\/lassalinas.cl\\\/en\\\/?s={search_term_string}\"},\"query-input\":{\"@type\":\"PropertyValueSpecification\",\"valueRequired\":true,\"valueName\":\"search_term_string\"}}],\"inLanguage\":\"en-US\"},{\"@type\":\"Person\",\"@id\":\"https:\\\/\\\/lassalinas.cl\\\/en\\\/#\\\/schema\\\/person\\\/3d5351f0e42a40f2f2f43dde3087c6d8\",\"name\":\"psaavedra@lassalinas.cl\",\"url\":\"https:\\\/\\\/lassalinas.cl\\\/en\\\/author\\\/psaavedralassalinas-cl\\\/\"}]}<\/script>\n<!-- \/ Yoast SEO plugin. -->","yoast_head_json":{"title":"Public Statement Appeal Court of Appeals of Valpara\u00edso - Las Salinas","description":"Descubre c\u00f3mo estamos recuperando un espacio emblem\u00e1tico para la ciudad a trav\u00e9s del saneamiento de suelos contaminados.","robots":{"index":"index","follow":"follow","max-snippet":"max-snippet:-1","max-image-preview":"max-image-preview:large","max-video-preview":"max-video-preview:-1"},"canonical":"https:\/\/lassalinas.cl\/en\/public-statement-appeal-court-of-appeals-of-valparaiso\/","og_locale":"en_US","og_type":"article","og_title":"Public Statement Appeal Court of Appeals of Valpara\u00edso - Las Salinas","og_description":"Descubre c\u00f3mo estamos recuperando un espacio emblem\u00e1tico para la ciudad a trav\u00e9s del saneamiento de suelos contaminados.","og_url":"https:\/\/lassalinas.cl\/en\/public-statement-appeal-court-of-appeals-of-valparaiso\/","og_site_name":"Las Salinas","article_publisher":"https:\/\/web.facebook.com\/somoslassalinas","article_published_time":"2024-10-22T15:53:26+00:00","article_modified_time":"2026-04-11T05:34:02+00:00","og_image":[{"width":800,"height":1067,"url":"https:\/\/lassalinas.cl\/wp-content\/uploads\/2024\/11\/Foto-DP-web.avif","type":"image\/jpeg"}],"author":"psaavedra@lassalinas.cl","twitter_card":"summary_large_image","twitter_creator":"@SomosLasSalinas","twitter_site":"@SomosLasSalinas","twitter_misc":{"Written by":"psaavedra@lassalinas.cl","Est. reading time":"1 minute"},"schema":{"@context":"https:\/\/schema.org","@graph":[{"@type":"Article","@id":"https:\/\/lassalinas.cl\/en\/public-statement-appeal-court-of-appeals-of-valparaiso\/#article","isPartOf":{"@id":"https:\/\/lassalinas.cl\/en\/public-statement-appeal-court-of-appeals-of-valparaiso\/"},"author":{"name":"psaavedra@lassalinas.cl","@id":"https:\/\/lassalinas.cl\/en\/#\/schema\/person\/3d5351f0e42a40f2f2f43dde3087c6d8"},"headline":"Public Statement Appeal Court of Appeals of Valpara\u00edso","datePublished":"2024-10-22T15:53:26+00:00","dateModified":"2026-04-11T05:34:02+00:00","mainEntityOfPage":{"@id":"https:\/\/lassalinas.cl\/en\/public-statement-appeal-court-of-appeals-of-valparaiso\/"},"wordCount":241,"image":{"@id":"https:\/\/lassalinas.cl\/en\/public-statement-appeal-court-of-appeals-of-valparaiso\/#primaryimage"},"thumbnailUrl":"https:\/\/lassalinas.cl\/wp-content\/uploads\/2024\/11\/Foto-DP-web.avif","articleSection":["We"],"inLanguage":"en-US"},{"@type":["WebPage","ItemPage"],"@id":"https:\/\/lassalinas.cl\/en\/public-statement-appeal-court-of-appeals-of-valparaiso\/","url":"https:\/\/lassalinas.cl\/en\/public-statement-appeal-court-of-appeals-of-valparaiso\/","name":"Public Statement Appeal Court of Appeals of Valpara\u00edso - Las Salinas","isPartOf":{"@id":"https:\/\/lassalinas.cl\/en\/#website"},"primaryImageOfPage":{"@id":"https:\/\/lassalinas.cl\/en\/public-statement-appeal-court-of-appeals-of-valparaiso\/#primaryimage"},"image":{"@id":"https:\/\/lassalinas.cl\/en\/public-statement-appeal-court-of-appeals-of-valparaiso\/#primaryimage"},"thumbnailUrl":"https:\/\/lassalinas.cl\/wp-content\/uploads\/2024\/11\/Foto-DP-web.avif","datePublished":"2024-10-22T15:53:26+00:00","dateModified":"2026-04-11T05:34:02+00:00","author":{"@id":"https:\/\/lassalinas.cl\/en\/#\/schema\/person\/3d5351f0e42a40f2f2f43dde3087c6d8"},"description":"Descubre c\u00f3mo estamos recuperando un espacio emblem\u00e1tico para la ciudad a trav\u00e9s del saneamiento de suelos contaminados.","breadcrumb":{"@id":"https:\/\/lassalinas.cl\/en\/public-statement-appeal-court-of-appeals-of-valparaiso\/#breadcrumb"},"inLanguage":"en-US","potentialAction":[{"@type":"ReadAction","target":["https:\/\/lassalinas.cl\/en\/public-statement-appeal-court-of-appeals-of-valparaiso\/"]}]},{"@type":"ImageObject","inLanguage":"en-US","@id":"https:\/\/lassalinas.cl\/en\/public-statement-appeal-court-of-appeals-of-valparaiso\/#primaryimage","url":"https:\/\/lassalinas.cl\/wp-content\/uploads\/2024\/11\/Foto-DP-web.avif","contentUrl":"https:\/\/lassalinas.cl\/wp-content\/uploads\/2024\/11\/Foto-DP-web.avif","width":800,"height":1067},{"@type":"BreadcrumbList","@id":"https:\/\/lassalinas.cl\/en\/public-statement-appeal-court-of-appeals-of-valparaiso\/#breadcrumb","itemListElement":[{"@type":"ListItem","position":1,"name":"Portada","item":"https:\/\/lassalinas.cl\/en\/"},{"@type":"ListItem","position":2,"name":"Public Statement Appeal Court of Appeals of Valpara\u00edso"}]},{"@type":"WebSite","@id":"https:\/\/lassalinas.cl\/en\/#website","url":"https:\/\/lassalinas.cl\/en\/","name":"Las Salinas","description":"Impulsando un Vi\u00f1a del Mar m\u00e1s sustentable","potentialAction":[{"@type":"SearchAction","target":{"@type":"EntryPoint","urlTemplate":"https:\/\/lassalinas.cl\/en\/?s={search_term_string}"},"query-input":{"@type":"PropertyValueSpecification","valueRequired":true,"valueName":"search_term_string"}}],"inLanguage":"en-US"},{"@type":"Person","@id":"https:\/\/lassalinas.cl\/en\/#\/schema\/person\/3d5351f0e42a40f2f2f43dde3087c6d8","name":"psaavedra@lassalinas.cl","url":"https:\/\/lassalinas.cl\/en\/author\/psaavedralassalinas-cl\/"}]}},"_links":{"self":[{"href":"https:\/\/lassalinas.cl\/en\/wp-json\/wp\/v2\/posts\/3380","targetHints":{"allow":["GET"]}}],"collection":[{"href":"https:\/\/lassalinas.cl\/en\/wp-json\/wp\/v2\/posts"}],"about":[{"href":"https:\/\/lassalinas.cl\/en\/wp-json\/wp\/v2\/types\/post"}],"author":[{"embeddable":true,"href":"https:\/\/lassalinas.cl\/en\/wp-json\/wp\/v2\/users\/4"}],"replies":[{"embeddable":true,"href":"https:\/\/lassalinas.cl\/en\/wp-json\/wp\/v2\/comments?post=3380"}],"version-history":[{"count":1,"href":"https:\/\/lassalinas.cl\/en\/wp-json\/wp\/v2\/posts\/3380\/revisions"}],"predecessor-version":[{"id":3381,"href":"https:\/\/lassalinas.cl\/en\/wp-json\/wp\/v2\/posts\/3380\/revisions\/3381"}],"wp:featuredmedia":[{"embeddable":true,"href":"https:\/\/lassalinas.cl\/en\/wp-json\/wp\/v2\/media\/3253"}],"wp:attachment":[{"href":"https:\/\/lassalinas.cl\/en\/wp-json\/wp\/v2\/media?parent=3380"}],"wp:term":[{"taxonomy":"category","embeddable":true,"href":"https:\/\/lassalinas.cl\/en\/wp-json\/wp\/v2\/categories?post=3380"},{"taxonomy":"post_tag","embeddable":true,"href":"https:\/\/lassalinas.cl\/en\/wp-json\/wp\/v2\/tags?post=3380"}],"curies":[{"name":"wp","href":"https:\/\/api.w.org\/{rel}","templated":true}]}}