{"id":3407,"date":"2023-12-07T00:00:00","date_gmt":"2023-12-07T00:00:00","guid":{"rendered":"https:\/\/lassalinas.cl\/sin-categorizar\/introducing-las-salinas-va-urban-vision\/"},"modified":"2023-12-07T00:00:00","modified_gmt":"2023-12-07T00:00:00","slug":"introducing-las-salinas-va-urban-vision","status":"publish","type":"post","link":"https:\/\/lassalinas.cl\/en\/introducing-las-salinas-va-urban-vision\/","title":{"rendered":"Introducing Las Salinas VA urban vision"},"content":{"rendered":"<p>To move forward committed to the identity of Vi\u00f1a del Mar, a city on a human scale and a better quality of life for its neighbors, are the objectives that inspire and that were presented in an activity held in the field and that brought together more than 100 people, including authorities, community representatives, social and cultural organizations, universities, unions and businessmen of the region. Among the main features of the project were the greater facilities for pedestrian transportation, the strengthening of cultural and sports facilities, together with an extensive system of green areas and infrastructure that connects the waterfront with the upper sector of Vi\u00f1a. According to Ricardo Labarca, Development Manager of Las Salinas, &#8220;this urban vision responds to the desires that have been expressed in Vi\u00f1a del Mar over the last 20 years. It is designed to take advantage of a unique opportunity to rescue this area, based on environmental responsibility, innovation and sustainable development. But to take this opportunity in the best way we cannot move forward alone, but it is essential to work together with the authorities, neighbors, the private sector and the community,&#8221; he said. The proposed vision highlighted the learning process carried out by the company and aims to generate concrete bases for an agreement on the final destination of the site. The proposed vision emphasized the ideals that inspire the city. Currently, Las Salinas is in the last stage of land remediation, which will begin in the second half of 2024 and will be carried out using the bioremediation technique, complying with all the requirements of the environmental authority. With this certainty, efforts are now focused on inviting a group of city stakeholders to build a common proposal for the future, which together with the recovery of the site, will ensure that its development will benefit the quality of life of the people of Vi\u00f1a del Mar, with an integrated public space with private development, was one of the relevant points of the presentation of Las Salinas, as a way to generate an engine for the reactivation of the city. &#8220;The project includes the remodeling of the Plaza Alessandri, which would improve an area in neglect and contribute to the rescue of these public spaces for the city, so we would like to move forward with the Mayor, the Municipality and the neighbors in the most effective way to make them a reality,&#8221; said Ricardo Labarca.<\/p>\n","protected":false},"excerpt":{"rendered":"<p>To move forward committed to the identity of Vi\u00f1a del Mar, a city on a human scale and a better quality of life for its neighbors, are the objectives that inspire and that were presented in an activity held in the field and that brought together more than 100 people, including authorities, community representatives, social [&hellip;]<\/p>\n","protected":false},"author":1,"featured_media":894,"comment_status":"closed","ping_status":"closed","sticky":false,"template":"","format":"standard","meta":{"footnotes":""},"categories":[86,82,87],"tags":[],"class_list":["post-3407","post","type-post","status-publish","format-standard","has-post-thumbnail","hentry","category-activities-performed","category-publications-and-media","category-urban-process"],"yoast_head":"<!-- This site is optimized with the Yoast SEO plugin v27.3 - https:\/\/yoast.com\/product\/yoast-seo-wordpress\/ -->\n<title>Introducing Las Salinas VA urban vision - Las Salinas<\/title>\n<meta name=\"description\" content=\"Descubre c\u00f3mo estamos recuperando un espacio emblem\u00e1tico para la ciudad a trav\u00e9s del saneamiento de suelos contaminados.\" \/>\n<meta name=\"robots\" content=\"index, follow, max-snippet:-1, max-image-preview:large, max-video-preview:-1\" \/>\n<link rel=\"canonical\" href=\"https:\/\/lassalinas.cl\/en\/introducing-las-salinas-va-urban-vision\/\" \/>\n<meta property=\"og:locale\" content=\"en_US\" \/>\n<meta property=\"og:type\" content=\"article\" \/>\n<meta property=\"og:title\" content=\"Introducing Las Salinas VA urban vision - Las Salinas\" \/>\n<meta property=\"og:description\" content=\"Descubre c\u00f3mo estamos recuperando un espacio emblem\u00e1tico para la ciudad a trav\u00e9s del saneamiento de suelos contaminados.\" \/>\n<meta property=\"og:url\" content=\"https:\/\/lassalinas.cl\/en\/introducing-las-salinas-va-urban-vision\/\" \/>\n<meta property=\"og:site_name\" content=\"Las Salinas\" \/>\n<meta property=\"article:publisher\" content=\"https:\/\/web.facebook.com\/somoslassalinas\" \/>\n<meta property=\"article:published_time\" content=\"2023-12-07T00:00:00+00:00\" \/>\n<meta property=\"og:image\" content=\"https:\/\/lassalinas.cl\/wp-content\/uploads\/2024\/10\/Presentacion-PU-Las-Salinas_101.jpg\" \/>\n\t<meta property=\"og:image:width\" content=\"1\" \/>\n\t<meta property=\"og:image:height\" content=\"1\" \/>\n\t<meta property=\"og:image:type\" content=\"image\/jpeg\" \/>\n<meta name=\"author\" content=\"test_n6zg78\" \/>\n<meta name=\"twitter:card\" content=\"summary_large_image\" \/>\n<meta name=\"twitter:creator\" content=\"@SomosLasSalinas\" \/>\n<meta name=\"twitter:site\" content=\"@SomosLasSalinas\" \/>\n<meta name=\"twitter:label1\" content=\"Written by\" \/>\n\t<meta name=\"twitter:data1\" content=\"test_n6zg78\" \/>\n\t<meta name=\"twitter:label2\" content=\"Est. reading time\" \/>\n\t<meta name=\"twitter:data2\" content=\"2 minutes\" \/>\n<script type=\"application\/ld+json\" class=\"yoast-schema-graph\">{\"@context\":\"https:\\\/\\\/schema.org\",\"@graph\":[{\"@type\":\"Article\",\"@id\":\"https:\\\/\\\/lassalinas.cl\\\/en\\\/introducing-las-salinas-va-urban-vision\\\/#article\",\"isPartOf\":{\"@id\":\"https:\\\/\\\/lassalinas.cl\\\/en\\\/introducing-las-salinas-va-urban-vision\\\/\"},\"author\":{\"name\":\"test_n6zg78\",\"@id\":\"https:\\\/\\\/lassalinas.cl\\\/en\\\/#\\\/schema\\\/person\\\/2cb28f17281d978c10ff80bf255768a9\"},\"headline\":\"Introducing Las Salinas VA urban vision\",\"datePublished\":\"2023-12-07T00:00:00+00:00\",\"mainEntityOfPage\":{\"@id\":\"https:\\\/\\\/lassalinas.cl\\\/en\\\/introducing-las-salinas-va-urban-vision\\\/\"},\"wordCount\":410,\"image\":{\"@id\":\"https:\\\/\\\/lassalinas.cl\\\/en\\\/introducing-las-salinas-va-urban-vision\\\/#primaryimage\"},\"thumbnailUrl\":\"https:\\\/\\\/lassalinas.cl\\\/wp-content\\\/uploads\\\/2024\\\/10\\\/Presentacion-PU-Las-Salinas_101.avif\",\"articleSection\":[\"Activities Performed\",\"Publications and Media\",\"Urban process\"],\"inLanguage\":\"en-US\"},{\"@type\":[\"WebPage\",\"ItemPage\"],\"@id\":\"https:\\\/\\\/lassalinas.cl\\\/en\\\/introducing-las-salinas-va-urban-vision\\\/\",\"url\":\"https:\\\/\\\/lassalinas.cl\\\/en\\\/introducing-las-salinas-va-urban-vision\\\/\",\"name\":\"Introducing Las Salinas VA urban vision - Las Salinas\",\"isPartOf\":{\"@id\":\"https:\\\/\\\/lassalinas.cl\\\/en\\\/#website\"},\"primaryImageOfPage\":{\"@id\":\"https:\\\/\\\/lassalinas.cl\\\/en\\\/introducing-las-salinas-va-urban-vision\\\/#primaryimage\"},\"image\":{\"@id\":\"https:\\\/\\\/lassalinas.cl\\\/en\\\/introducing-las-salinas-va-urban-vision\\\/#primaryimage\"},\"thumbnailUrl\":\"https:\\\/\\\/lassalinas.cl\\\/wp-content\\\/uploads\\\/2024\\\/10\\\/Presentacion-PU-Las-Salinas_101.avif\",\"datePublished\":\"2023-12-07T00:00:00+00:00\",\"author\":{\"@id\":\"https:\\\/\\\/lassalinas.cl\\\/en\\\/#\\\/schema\\\/person\\\/2cb28f17281d978c10ff80bf255768a9\"},\"description\":\"Descubre c\u00f3mo estamos recuperando un espacio emblem\u00e1tico para la ciudad a trav\u00e9s del saneamiento de suelos contaminados.\",\"breadcrumb\":{\"@id\":\"https:\\\/\\\/lassalinas.cl\\\/en\\\/introducing-las-salinas-va-urban-vision\\\/#breadcrumb\"},\"inLanguage\":\"en-US\",\"potentialAction\":[{\"@type\":\"ReadAction\",\"target\":[\"https:\\\/\\\/lassalinas.cl\\\/en\\\/introducing-las-salinas-va-urban-vision\\\/\"]}]},{\"@type\":\"ImageObject\",\"inLanguage\":\"en-US\",\"@id\":\"https:\\\/\\\/lassalinas.cl\\\/en\\\/introducing-las-salinas-va-urban-vision\\\/#primaryimage\",\"url\":\"https:\\\/\\\/lassalinas.cl\\\/wp-content\\\/uploads\\\/2024\\\/10\\\/Presentacion-PU-Las-Salinas_101.avif\",\"contentUrl\":\"https:\\\/\\\/lassalinas.cl\\\/wp-content\\\/uploads\\\/2024\\\/10\\\/Presentacion-PU-Las-Salinas_101.avif\",\"width\":1280,\"height\":853},{\"@type\":\"BreadcrumbList\",\"@id\":\"https:\\\/\\\/lassalinas.cl\\\/en\\\/introducing-las-salinas-va-urban-vision\\\/#breadcrumb\",\"itemListElement\":[{\"@type\":\"ListItem\",\"position\":1,\"name\":\"Portada\",\"item\":\"https:\\\/\\\/lassalinas.cl\\\/en\\\/\"},{\"@type\":\"ListItem\",\"position\":2,\"name\":\"Introducing Las Salinas VA urban vision\"}]},{\"@type\":\"WebSite\",\"@id\":\"https:\\\/\\\/lassalinas.cl\\\/en\\\/#website\",\"url\":\"https:\\\/\\\/lassalinas.cl\\\/en\\\/\",\"name\":\"Las Salinas\",\"description\":\"Impulsando un Vi\u00f1a del Mar m\u00e1s sustentable\",\"potentialAction\":[{\"@type\":\"SearchAction\",\"target\":{\"@type\":\"EntryPoint\",\"urlTemplate\":\"https:\\\/\\\/lassalinas.cl\\\/en\\\/?s={search_term_string}\"},\"query-input\":{\"@type\":\"PropertyValueSpecification\",\"valueRequired\":true,\"valueName\":\"search_term_string\"}}],\"inLanguage\":\"en-US\"},{\"@type\":\"Person\",\"@id\":\"https:\\\/\\\/lassalinas.cl\\\/en\\\/#\\\/schema\\\/person\\\/2cb28f17281d978c10ff80bf255768a9\",\"name\":\"test_n6zg78\",\"sameAs\":[\"https:\\\/\\\/lassalinas.cl\"],\"url\":\"https:\\\/\\\/lassalinas.cl\\\/en\\\/author\\\/test_n6zg78\\\/\"}]}<\/script>\n<!-- \/ Yoast SEO plugin. -->","yoast_head_json":{"title":"Introducing Las Salinas VA urban vision - Las Salinas","description":"Descubre c\u00f3mo estamos recuperando un espacio emblem\u00e1tico para la ciudad a trav\u00e9s del saneamiento de suelos contaminados.","robots":{"index":"index","follow":"follow","max-snippet":"max-snippet:-1","max-image-preview":"max-image-preview:large","max-video-preview":"max-video-preview:-1"},"canonical":"https:\/\/lassalinas.cl\/en\/introducing-las-salinas-va-urban-vision\/","og_locale":"en_US","og_type":"article","og_title":"Introducing Las Salinas VA urban vision - Las Salinas","og_description":"Descubre c\u00f3mo estamos recuperando un espacio emblem\u00e1tico para la ciudad a trav\u00e9s del saneamiento de suelos contaminados.","og_url":"https:\/\/lassalinas.cl\/en\/introducing-las-salinas-va-urban-vision\/","og_site_name":"Las Salinas","article_publisher":"https:\/\/web.facebook.com\/somoslassalinas","article_published_time":"2023-12-07T00:00:00+00:00","og_image":[{"url":"https:\/\/lassalinas.cl\/wp-content\/uploads\/2024\/10\/Presentacion-PU-Las-Salinas_101.jpg","width":1,"height":1,"type":"image\/jpeg"}],"author":"test_n6zg78","twitter_card":"summary_large_image","twitter_creator":"@SomosLasSalinas","twitter_site":"@SomosLasSalinas","twitter_misc":{"Written by":"test_n6zg78","Est. reading time":"2 minutes"},"schema":{"@context":"https:\/\/schema.org","@graph":[{"@type":"Article","@id":"https:\/\/lassalinas.cl\/en\/introducing-las-salinas-va-urban-vision\/#article","isPartOf":{"@id":"https:\/\/lassalinas.cl\/en\/introducing-las-salinas-va-urban-vision\/"},"author":{"name":"test_n6zg78","@id":"https:\/\/lassalinas.cl\/en\/#\/schema\/person\/2cb28f17281d978c10ff80bf255768a9"},"headline":"Introducing Las Salinas VA urban vision","datePublished":"2023-12-07T00:00:00+00:00","mainEntityOfPage":{"@id":"https:\/\/lassalinas.cl\/en\/introducing-las-salinas-va-urban-vision\/"},"wordCount":410,"image":{"@id":"https:\/\/lassalinas.cl\/en\/introducing-las-salinas-va-urban-vision\/#primaryimage"},"thumbnailUrl":"https:\/\/lassalinas.cl\/wp-content\/uploads\/2024\/10\/Presentacion-PU-Las-Salinas_101.avif","articleSection":["Activities Performed","Publications and Media","Urban process"],"inLanguage":"en-US"},{"@type":["WebPage","ItemPage"],"@id":"https:\/\/lassalinas.cl\/en\/introducing-las-salinas-va-urban-vision\/","url":"https:\/\/lassalinas.cl\/en\/introducing-las-salinas-va-urban-vision\/","name":"Introducing Las Salinas VA urban vision - Las Salinas","isPartOf":{"@id":"https:\/\/lassalinas.cl\/en\/#website"},"primaryImageOfPage":{"@id":"https:\/\/lassalinas.cl\/en\/introducing-las-salinas-va-urban-vision\/#primaryimage"},"image":{"@id":"https:\/\/lassalinas.cl\/en\/introducing-las-salinas-va-urban-vision\/#primaryimage"},"thumbnailUrl":"https:\/\/lassalinas.cl\/wp-content\/uploads\/2024\/10\/Presentacion-PU-Las-Salinas_101.avif","datePublished":"2023-12-07T00:00:00+00:00","author":{"@id":"https:\/\/lassalinas.cl\/en\/#\/schema\/person\/2cb28f17281d978c10ff80bf255768a9"},"description":"Descubre c\u00f3mo estamos recuperando un espacio emblem\u00e1tico para la ciudad a trav\u00e9s del saneamiento de suelos contaminados.","breadcrumb":{"@id":"https:\/\/lassalinas.cl\/en\/introducing-las-salinas-va-urban-vision\/#breadcrumb"},"inLanguage":"en-US","potentialAction":[{"@type":"ReadAction","target":["https:\/\/lassalinas.cl\/en\/introducing-las-salinas-va-urban-vision\/"]}]},{"@type":"ImageObject","inLanguage":"en-US","@id":"https:\/\/lassalinas.cl\/en\/introducing-las-salinas-va-urban-vision\/#primaryimage","url":"https:\/\/lassalinas.cl\/wp-content\/uploads\/2024\/10\/Presentacion-PU-Las-Salinas_101.avif","contentUrl":"https:\/\/lassalinas.cl\/wp-content\/uploads\/2024\/10\/Presentacion-PU-Las-Salinas_101.avif","width":1280,"height":853},{"@type":"BreadcrumbList","@id":"https:\/\/lassalinas.cl\/en\/introducing-las-salinas-va-urban-vision\/#breadcrumb","itemListElement":[{"@type":"ListItem","position":1,"name":"Portada","item":"https:\/\/lassalinas.cl\/en\/"},{"@type":"ListItem","position":2,"name":"Introducing Las Salinas VA urban vision"}]},{"@type":"WebSite","@id":"https:\/\/lassalinas.cl\/en\/#website","url":"https:\/\/lassalinas.cl\/en\/","name":"Las Salinas","description":"Impulsando un Vi\u00f1a del Mar m\u00e1s sustentable","potentialAction":[{"@type":"SearchAction","target":{"@type":"EntryPoint","urlTemplate":"https:\/\/lassalinas.cl\/en\/?s={search_term_string}"},"query-input":{"@type":"PropertyValueSpecification","valueRequired":true,"valueName":"search_term_string"}}],"inLanguage":"en-US"},{"@type":"Person","@id":"https:\/\/lassalinas.cl\/en\/#\/schema\/person\/2cb28f17281d978c10ff80bf255768a9","name":"test_n6zg78","sameAs":["https:\/\/lassalinas.cl"],"url":"https:\/\/lassalinas.cl\/en\/author\/test_n6zg78\/"}]}},"_links":{"self":[{"href":"https:\/\/lassalinas.cl\/en\/wp-json\/wp\/v2\/posts\/3407","targetHints":{"allow":["GET"]}}],"collection":[{"href":"https:\/\/lassalinas.cl\/en\/wp-json\/wp\/v2\/posts"}],"about":[{"href":"https:\/\/lassalinas.cl\/en\/wp-json\/wp\/v2\/types\/post"}],"author":[{"embeddable":true,"href":"https:\/\/lassalinas.cl\/en\/wp-json\/wp\/v2\/users\/1"}],"replies":[{"embeddable":true,"href":"https:\/\/lassalinas.cl\/en\/wp-json\/wp\/v2\/comments?post=3407"}],"version-history":[{"count":0,"href":"https:\/\/lassalinas.cl\/en\/wp-json\/wp\/v2\/posts\/3407\/revisions"}],"wp:featuredmedia":[{"embeddable":true,"href":"https:\/\/lassalinas.cl\/en\/wp-json\/wp\/v2\/media\/894"}],"wp:attachment":[{"href":"https:\/\/lassalinas.cl\/en\/wp-json\/wp\/v2\/media?parent=3407"}],"wp:term":[{"taxonomy":"category","embeddable":true,"href":"https:\/\/lassalinas.cl\/en\/wp-json\/wp\/v2\/categories?post=3407"},{"taxonomy":"post_tag","embeddable":true,"href":"https:\/\/lassalinas.cl\/en\/wp-json\/wp\/v2\/tags?post=3407"}],"curies":[{"name":"wp","href":"https:\/\/api.w.org\/{rel}","templated":true}]}}