{"id":3537,"date":"2023-09-25T00:00:00","date_gmt":"2023-09-25T00:00:00","guid":{"rendered":"https:\/\/lassalinas.cl\/sin-categorizar\/14-consortiums-interested-in-the-reclamation-of-the-las-salinas-site\/"},"modified":"2023-09-25T00:00:00","modified_gmt":"2023-09-25T00:00:00","slug":"14-consortiums-interested-in-the-reclamation-of-the-las-salinas-site","status":"publish","type":"post","link":"https:\/\/lassalinas.cl\/en\/14-consortiums-interested-in-the-reclamation-of-the-las-salinas-site\/","title":{"rendered":"14 consortiums interested in the reclamation of the Las Salinas site"},"content":{"rendered":"<p>In an article in El Diario Financiero, reference is made to the first tender for the remediation of the Las Salinas site in Vi\u00f1a del Mar, where 14 consortiums representing 29 companies from 10 countries have already set their eyes on the process. This in the framework of the progress achieved when the Committee of Ministers maintained the environmental qualification for the remediation of the land in September 2022. &#8220;It confirms what we have been pointing out all this time: that this is a technique with broad scientific and technical support, which is effective in soil remediation and very safe for people and the environment. We are confident that we will be able to complete this process with levels of excellence, which is good news for Vi\u00f1a del Mar and an experience that could serve as a reference for the country,&#8221; said Ricardo Labarca, development manager of Las Salinas. The project, which has a total cost of US$ 55 million, will be divided into two 2.5-year stages and work is expected to begin in the second half of 2024. <\/p>\n","protected":false},"excerpt":{"rendered":"<p>In an article in El Diario Financiero, reference is made to the first tender for the remediation of the Las Salinas site in Vi\u00f1a del Mar, where 14 consortiums representing 29 companies from 10 countries have already set their eyes on the process. This in the framework of the progress achieved when the Committee of [&hellip;]<\/p>\n","protected":false},"author":1,"featured_media":877,"comment_status":"closed","ping_status":"closed","sticky":false,"template":"","format":"standard","meta":{"footnotes":""},"categories":[82,83],"tags":[103,102],"class_list":["post-3537","post","type-post","status-publish","format-standard","has-post-thumbnail","hentry","category-publications-and-media","category-remediation","tag-bidding","tag-bioremediation"],"yoast_head":"<!-- This site is optimized with the Yoast SEO plugin v27.3 - https:\/\/yoast.com\/product\/yoast-seo-wordpress\/ -->\n<title>14 consortiums interested in the reclamation of the Las Salinas site - Las Salinas<\/title>\n<meta name=\"description\" content=\"Descubre c\u00f3mo estamos recuperando un espacio emblem\u00e1tico para la ciudad a trav\u00e9s del saneamiento de suelos contaminados.\" \/>\n<meta name=\"robots\" content=\"index, follow, max-snippet:-1, max-image-preview:large, max-video-preview:-1\" \/>\n<link rel=\"canonical\" href=\"https:\/\/lassalinas.cl\/en\/14-consortiums-interested-in-the-reclamation-of-the-las-salinas-site\/\" \/>\n<meta property=\"og:locale\" content=\"en_US\" \/>\n<meta property=\"og:type\" content=\"article\" \/>\n<meta property=\"og:title\" content=\"14 consortiums interested in the reclamation of the Las Salinas site - Las Salinas\" \/>\n<meta property=\"og:description\" content=\"Descubre c\u00f3mo estamos recuperando un espacio emblem\u00e1tico para la ciudad a trav\u00e9s del saneamiento de suelos contaminados.\" \/>\n<meta property=\"og:url\" content=\"https:\/\/lassalinas.cl\/en\/14-consortiums-interested-in-the-reclamation-of-the-las-salinas-site\/\" \/>\n<meta property=\"og:site_name\" content=\"Las Salinas\" \/>\n<meta property=\"article:publisher\" content=\"https:\/\/web.facebook.com\/somoslassalinas\" \/>\n<meta property=\"article:published_time\" content=\"2023-09-25T00:00:00+00:00\" \/>\n<meta property=\"og:image\" content=\"https:\/\/lassalinas.cl\/wp-content\/uploads\/2024\/10\/02-Imagen.jpeg\" \/>\n\t<meta property=\"og:image:width\" content=\"1\" \/>\n\t<meta property=\"og:image:height\" content=\"1\" \/>\n\t<meta property=\"og:image:type\" content=\"image\/jpeg\" \/>\n<meta name=\"author\" content=\"test_n6zg78\" \/>\n<meta name=\"twitter:card\" content=\"summary_large_image\" \/>\n<meta name=\"twitter:creator\" content=\"@SomosLasSalinas\" \/>\n<meta name=\"twitter:site\" content=\"@SomosLasSalinas\" \/>\n<meta name=\"twitter:label1\" content=\"Written by\" \/>\n\t<meta name=\"twitter:data1\" content=\"test_n6zg78\" \/>\n\t<meta name=\"twitter:label2\" content=\"Est. reading time\" \/>\n\t<meta name=\"twitter:data2\" content=\"1 minute\" \/>\n<script type=\"application\/ld+json\" class=\"yoast-schema-graph\">{\"@context\":\"https:\\\/\\\/schema.org\",\"@graph\":[{\"@type\":\"Article\",\"@id\":\"https:\\\/\\\/lassalinas.cl\\\/en\\\/14-consortiums-interested-in-the-reclamation-of-the-las-salinas-site\\\/#article\",\"isPartOf\":{\"@id\":\"https:\\\/\\\/lassalinas.cl\\\/en\\\/14-consortiums-interested-in-the-reclamation-of-the-las-salinas-site\\\/\"},\"author\":{\"name\":\"test_n6zg78\",\"@id\":\"https:\\\/\\\/lassalinas.cl\\\/en\\\/#\\\/schema\\\/person\\\/2cb28f17281d978c10ff80bf255768a9\"},\"headline\":\"14 consortiums interested in the reclamation of the Las Salinas site\",\"datePublished\":\"2023-09-25T00:00:00+00:00\",\"mainEntityOfPage\":{\"@id\":\"https:\\\/\\\/lassalinas.cl\\\/en\\\/14-consortiums-interested-in-the-reclamation-of-the-las-salinas-site\\\/\"},\"wordCount\":185,\"image\":{\"@id\":\"https:\\\/\\\/lassalinas.cl\\\/en\\\/14-consortiums-interested-in-the-reclamation-of-the-las-salinas-site\\\/#primaryimage\"},\"thumbnailUrl\":\"https:\\\/\\\/lassalinas.cl\\\/wp-content\\\/uploads\\\/2024\\\/10\\\/02-Imagen.avif\",\"keywords\":[\"bidding\",\"Bioremediation\"],\"articleSection\":[\"Publications and Media\",\"Remediation\"],\"inLanguage\":\"en-US\"},{\"@type\":[\"WebPage\",\"ItemPage\"],\"@id\":\"https:\\\/\\\/lassalinas.cl\\\/en\\\/14-consortiums-interested-in-the-reclamation-of-the-las-salinas-site\\\/\",\"url\":\"https:\\\/\\\/lassalinas.cl\\\/en\\\/14-consortiums-interested-in-the-reclamation-of-the-las-salinas-site\\\/\",\"name\":\"14 consortiums interested in the reclamation of the Las Salinas site - Las Salinas\",\"isPartOf\":{\"@id\":\"https:\\\/\\\/lassalinas.cl\\\/en\\\/#website\"},\"primaryImageOfPage\":{\"@id\":\"https:\\\/\\\/lassalinas.cl\\\/en\\\/14-consortiums-interested-in-the-reclamation-of-the-las-salinas-site\\\/#primaryimage\"},\"image\":{\"@id\":\"https:\\\/\\\/lassalinas.cl\\\/en\\\/14-consortiums-interested-in-the-reclamation-of-the-las-salinas-site\\\/#primaryimage\"},\"thumbnailUrl\":\"https:\\\/\\\/lassalinas.cl\\\/wp-content\\\/uploads\\\/2024\\\/10\\\/02-Imagen.avif\",\"datePublished\":\"2023-09-25T00:00:00+00:00\",\"author\":{\"@id\":\"https:\\\/\\\/lassalinas.cl\\\/en\\\/#\\\/schema\\\/person\\\/2cb28f17281d978c10ff80bf255768a9\"},\"description\":\"Descubre c\u00f3mo estamos recuperando un espacio emblem\u00e1tico para la ciudad a trav\u00e9s del saneamiento de suelos contaminados.\",\"breadcrumb\":{\"@id\":\"https:\\\/\\\/lassalinas.cl\\\/en\\\/14-consortiums-interested-in-the-reclamation-of-the-las-salinas-site\\\/#breadcrumb\"},\"inLanguage\":\"en-US\",\"potentialAction\":[{\"@type\":\"ReadAction\",\"target\":[\"https:\\\/\\\/lassalinas.cl\\\/en\\\/14-consortiums-interested-in-the-reclamation-of-the-las-salinas-site\\\/\"]}]},{\"@type\":\"ImageObject\",\"inLanguage\":\"en-US\",\"@id\":\"https:\\\/\\\/lassalinas.cl\\\/en\\\/14-consortiums-interested-in-the-reclamation-of-the-las-salinas-site\\\/#primaryimage\",\"url\":\"https:\\\/\\\/lassalinas.cl\\\/wp-content\\\/uploads\\\/2024\\\/10\\\/02-Imagen.avif\",\"contentUrl\":\"https:\\\/\\\/lassalinas.cl\\\/wp-content\\\/uploads\\\/2024\\\/10\\\/02-Imagen.avif\",\"width\":1576,\"height\":788},{\"@type\":\"BreadcrumbList\",\"@id\":\"https:\\\/\\\/lassalinas.cl\\\/en\\\/14-consortiums-interested-in-the-reclamation-of-the-las-salinas-site\\\/#breadcrumb\",\"itemListElement\":[{\"@type\":\"ListItem\",\"position\":1,\"name\":\"Portada\",\"item\":\"https:\\\/\\\/lassalinas.cl\\\/en\\\/\"},{\"@type\":\"ListItem\",\"position\":2,\"name\":\"14 consortiums interested in the reclamation of the Las Salinas site\"}]},{\"@type\":\"WebSite\",\"@id\":\"https:\\\/\\\/lassalinas.cl\\\/en\\\/#website\",\"url\":\"https:\\\/\\\/lassalinas.cl\\\/en\\\/\",\"name\":\"Las Salinas\",\"description\":\"Impulsando un Vi\u00f1a del Mar m\u00e1s sustentable\",\"potentialAction\":[{\"@type\":\"SearchAction\",\"target\":{\"@type\":\"EntryPoint\",\"urlTemplate\":\"https:\\\/\\\/lassalinas.cl\\\/en\\\/?s={search_term_string}\"},\"query-input\":{\"@type\":\"PropertyValueSpecification\",\"valueRequired\":true,\"valueName\":\"search_term_string\"}}],\"inLanguage\":\"en-US\"},{\"@type\":\"Person\",\"@id\":\"https:\\\/\\\/lassalinas.cl\\\/en\\\/#\\\/schema\\\/person\\\/2cb28f17281d978c10ff80bf255768a9\",\"name\":\"test_n6zg78\",\"sameAs\":[\"https:\\\/\\\/lassalinas.cl\"],\"url\":\"https:\\\/\\\/lassalinas.cl\\\/en\\\/author\\\/test_n6zg78\\\/\"}]}<\/script>\n<!-- \/ Yoast SEO plugin. -->","yoast_head_json":{"title":"14 consortiums interested in the reclamation of the Las Salinas site - Las Salinas","description":"Descubre c\u00f3mo estamos recuperando un espacio emblem\u00e1tico para la ciudad a trav\u00e9s del saneamiento de suelos contaminados.","robots":{"index":"index","follow":"follow","max-snippet":"max-snippet:-1","max-image-preview":"max-image-preview:large","max-video-preview":"max-video-preview:-1"},"canonical":"https:\/\/lassalinas.cl\/en\/14-consortiums-interested-in-the-reclamation-of-the-las-salinas-site\/","og_locale":"en_US","og_type":"article","og_title":"14 consortiums interested in the reclamation of the Las Salinas site - Las Salinas","og_description":"Descubre c\u00f3mo estamos recuperando un espacio emblem\u00e1tico para la ciudad a trav\u00e9s del saneamiento de suelos contaminados.","og_url":"https:\/\/lassalinas.cl\/en\/14-consortiums-interested-in-the-reclamation-of-the-las-salinas-site\/","og_site_name":"Las Salinas","article_publisher":"https:\/\/web.facebook.com\/somoslassalinas","article_published_time":"2023-09-25T00:00:00+00:00","og_image":[{"url":"https:\/\/lassalinas.cl\/wp-content\/uploads\/2024\/10\/02-Imagen.jpeg","width":1,"height":1,"type":"image\/jpeg"}],"author":"test_n6zg78","twitter_card":"summary_large_image","twitter_creator":"@SomosLasSalinas","twitter_site":"@SomosLasSalinas","twitter_misc":{"Written by":"test_n6zg78","Est. reading time":"1 minute"},"schema":{"@context":"https:\/\/schema.org","@graph":[{"@type":"Article","@id":"https:\/\/lassalinas.cl\/en\/14-consortiums-interested-in-the-reclamation-of-the-las-salinas-site\/#article","isPartOf":{"@id":"https:\/\/lassalinas.cl\/en\/14-consortiums-interested-in-the-reclamation-of-the-las-salinas-site\/"},"author":{"name":"test_n6zg78","@id":"https:\/\/lassalinas.cl\/en\/#\/schema\/person\/2cb28f17281d978c10ff80bf255768a9"},"headline":"14 consortiums interested in the reclamation of the Las Salinas site","datePublished":"2023-09-25T00:00:00+00:00","mainEntityOfPage":{"@id":"https:\/\/lassalinas.cl\/en\/14-consortiums-interested-in-the-reclamation-of-the-las-salinas-site\/"},"wordCount":185,"image":{"@id":"https:\/\/lassalinas.cl\/en\/14-consortiums-interested-in-the-reclamation-of-the-las-salinas-site\/#primaryimage"},"thumbnailUrl":"https:\/\/lassalinas.cl\/wp-content\/uploads\/2024\/10\/02-Imagen.avif","keywords":["bidding","Bioremediation"],"articleSection":["Publications and Media","Remediation"],"inLanguage":"en-US"},{"@type":["WebPage","ItemPage"],"@id":"https:\/\/lassalinas.cl\/en\/14-consortiums-interested-in-the-reclamation-of-the-las-salinas-site\/","url":"https:\/\/lassalinas.cl\/en\/14-consortiums-interested-in-the-reclamation-of-the-las-salinas-site\/","name":"14 consortiums interested in the reclamation of the Las Salinas site - Las Salinas","isPartOf":{"@id":"https:\/\/lassalinas.cl\/en\/#website"},"primaryImageOfPage":{"@id":"https:\/\/lassalinas.cl\/en\/14-consortiums-interested-in-the-reclamation-of-the-las-salinas-site\/#primaryimage"},"image":{"@id":"https:\/\/lassalinas.cl\/en\/14-consortiums-interested-in-the-reclamation-of-the-las-salinas-site\/#primaryimage"},"thumbnailUrl":"https:\/\/lassalinas.cl\/wp-content\/uploads\/2024\/10\/02-Imagen.avif","datePublished":"2023-09-25T00:00:00+00:00","author":{"@id":"https:\/\/lassalinas.cl\/en\/#\/schema\/person\/2cb28f17281d978c10ff80bf255768a9"},"description":"Descubre c\u00f3mo estamos recuperando un espacio emblem\u00e1tico para la ciudad a trav\u00e9s del saneamiento de suelos contaminados.","breadcrumb":{"@id":"https:\/\/lassalinas.cl\/en\/14-consortiums-interested-in-the-reclamation-of-the-las-salinas-site\/#breadcrumb"},"inLanguage":"en-US","potentialAction":[{"@type":"ReadAction","target":["https:\/\/lassalinas.cl\/en\/14-consortiums-interested-in-the-reclamation-of-the-las-salinas-site\/"]}]},{"@type":"ImageObject","inLanguage":"en-US","@id":"https:\/\/lassalinas.cl\/en\/14-consortiums-interested-in-the-reclamation-of-the-las-salinas-site\/#primaryimage","url":"https:\/\/lassalinas.cl\/wp-content\/uploads\/2024\/10\/02-Imagen.avif","contentUrl":"https:\/\/lassalinas.cl\/wp-content\/uploads\/2024\/10\/02-Imagen.avif","width":1576,"height":788},{"@type":"BreadcrumbList","@id":"https:\/\/lassalinas.cl\/en\/14-consortiums-interested-in-the-reclamation-of-the-las-salinas-site\/#breadcrumb","itemListElement":[{"@type":"ListItem","position":1,"name":"Portada","item":"https:\/\/lassalinas.cl\/en\/"},{"@type":"ListItem","position":2,"name":"14 consortiums interested in the reclamation of the Las Salinas site"}]},{"@type":"WebSite","@id":"https:\/\/lassalinas.cl\/en\/#website","url":"https:\/\/lassalinas.cl\/en\/","name":"Las Salinas","description":"Impulsando un Vi\u00f1a del Mar m\u00e1s sustentable","potentialAction":[{"@type":"SearchAction","target":{"@type":"EntryPoint","urlTemplate":"https:\/\/lassalinas.cl\/en\/?s={search_term_string}"},"query-input":{"@type":"PropertyValueSpecification","valueRequired":true,"valueName":"search_term_string"}}],"inLanguage":"en-US"},{"@type":"Person","@id":"https:\/\/lassalinas.cl\/en\/#\/schema\/person\/2cb28f17281d978c10ff80bf255768a9","name":"test_n6zg78","sameAs":["https:\/\/lassalinas.cl"],"url":"https:\/\/lassalinas.cl\/en\/author\/test_n6zg78\/"}]}},"_links":{"self":[{"href":"https:\/\/lassalinas.cl\/en\/wp-json\/wp\/v2\/posts\/3537","targetHints":{"allow":["GET"]}}],"collection":[{"href":"https:\/\/lassalinas.cl\/en\/wp-json\/wp\/v2\/posts"}],"about":[{"href":"https:\/\/lassalinas.cl\/en\/wp-json\/wp\/v2\/types\/post"}],"author":[{"embeddable":true,"href":"https:\/\/lassalinas.cl\/en\/wp-json\/wp\/v2\/users\/1"}],"replies":[{"embeddable":true,"href":"https:\/\/lassalinas.cl\/en\/wp-json\/wp\/v2\/comments?post=3537"}],"version-history":[{"count":0,"href":"https:\/\/lassalinas.cl\/en\/wp-json\/wp\/v2\/posts\/3537\/revisions"}],"wp:featuredmedia":[{"embeddable":true,"href":"https:\/\/lassalinas.cl\/en\/wp-json\/wp\/v2\/media\/877"}],"wp:attachment":[{"href":"https:\/\/lassalinas.cl\/en\/wp-json\/wp\/v2\/media?parent=3537"}],"wp:term":[{"taxonomy":"category","embeddable":true,"href":"https:\/\/lassalinas.cl\/en\/wp-json\/wp\/v2\/categories?post=3537"},{"taxonomy":"post_tag","embeddable":true,"href":"https:\/\/lassalinas.cl\/en\/wp-json\/wp\/v2\/tags?post=3537"}],"curies":[{"name":"wp","href":"https:\/\/api.w.org\/{rel}","templated":true}]}}