{"id":3726,"date":"2023-08-30T00:00:00","date_gmt":"2023-08-30T00:00:00","guid":{"rendered":"https:\/\/lassalinas.cl\/sin-categorizar\/we-talk-about-sanitation-on-ponteonline-ucv-tv\/"},"modified":"2023-08-30T00:00:00","modified_gmt":"2023-08-30T00:00:00","slug":"we-talk-about-sanitation-on-ponteonline-ucv-tv","status":"publish","type":"post","link":"https:\/\/lassalinas.cl\/en\/we-talk-about-sanitation-on-ponteonline-ucv-tv\/","title":{"rendered":"We talk about sanitation on Ponteonline UCV TV"},"content":{"rendered":"<p>The development manager of Las Salinas, Ricardo Labarca, spoke to UCV TV&#8217;s multiplatform program Ponteonline about the international bidding process that will define the consortium that will carry out the bioremediation and much more. In a direct dialogue that reviewed the history of the project and the challenges that follow to complete the remediation of the land, Labarca explained why it is good news for Vi\u00f1a del Mar that the soil will be remediated and through a technique based on nature such as bioremediation that has broad scientific support at national and international level, with proven effectiveness in remediation and that is very safe for people and the environment.<\/p>\n","protected":false},"excerpt":{"rendered":"<p>The development manager of Las Salinas, Ricardo Labarca, spoke to UCV TV&#8217;s multiplatform program Ponteonline about the international bidding process that will define the consortium that will carry out the bioremediation and much more. In a direct dialogue that reviewed the history of the project and the challenges that follow to complete the remediation of [&hellip;]<\/p>\n","protected":false},"author":1,"featured_media":873,"comment_status":"closed","ping_status":"closed","sticky":false,"template":"","format":"standard","meta":{"footnotes":""},"categories":[82,83],"tags":[102,91,105],"class_list":["post-3726","post","type-post","status-publish","format-standard","has-post-thumbnail","hentry","category-publications-and-media","category-remediation","tag-bioremediation","tag-community","tag-las-salinas-en"],"yoast_head":"<!-- This site is optimized with the Yoast SEO plugin v27.3 - https:\/\/yoast.com\/product\/yoast-seo-wordpress\/ -->\n<title>We talk about sanitation on Ponteonline UCV TV - Las Salinas<\/title>\n<meta name=\"description\" content=\"Descubre c\u00f3mo estamos recuperando un espacio emblem\u00e1tico para la ciudad a trav\u00e9s del saneamiento de suelos contaminados.\" \/>\n<meta name=\"robots\" content=\"index, follow, max-snippet:-1, max-image-preview:large, max-video-preview:-1\" \/>\n<link rel=\"canonical\" href=\"https:\/\/lassalinas.cl\/en\/we-talk-about-sanitation-on-ponteonline-ucv-tv\/\" \/>\n<meta property=\"og:locale\" content=\"en_US\" \/>\n<meta property=\"og:type\" content=\"article\" \/>\n<meta property=\"og:title\" content=\"We talk about sanitation on Ponteonline UCV TV - Las Salinas\" \/>\n<meta property=\"og:description\" content=\"Descubre c\u00f3mo estamos recuperando un espacio emblem\u00e1tico para la ciudad a trav\u00e9s del saneamiento de suelos contaminados.\" \/>\n<meta property=\"og:url\" content=\"https:\/\/lassalinas.cl\/en\/we-talk-about-sanitation-on-ponteonline-ucv-tv\/\" \/>\n<meta property=\"og:site_name\" content=\"Las Salinas\" \/>\n<meta property=\"article:publisher\" content=\"https:\/\/web.facebook.com\/somoslassalinas\" \/>\n<meta property=\"article:published_time\" content=\"2023-08-30T00:00:00+00:00\" \/>\n<meta property=\"og:image\" content=\"https:\/\/lassalinas.cl\/wp-content\/uploads\/2024\/10\/02-Imagen-1.png\" \/>\n\t<meta property=\"og:image:width\" content=\"1\" \/>\n\t<meta property=\"og:image:height\" content=\"1\" \/>\n\t<meta property=\"og:image:type\" content=\"image\/png\" \/>\n<meta name=\"author\" content=\"test_n6zg78\" \/>\n<meta name=\"twitter:card\" content=\"summary_large_image\" \/>\n<meta name=\"twitter:creator\" content=\"@SomosLasSalinas\" \/>\n<meta name=\"twitter:site\" content=\"@SomosLasSalinas\" \/>\n<meta name=\"twitter:label1\" content=\"Written by\" \/>\n\t<meta name=\"twitter:data1\" content=\"test_n6zg78\" \/>\n\t<meta name=\"twitter:label2\" content=\"Est. reading time\" \/>\n\t<meta name=\"twitter:data2\" content=\"1 minute\" \/>\n<script type=\"application\/ld+json\" class=\"yoast-schema-graph\">{\"@context\":\"https:\\\/\\\/schema.org\",\"@graph\":[{\"@type\":\"Article\",\"@id\":\"https:\\\/\\\/lassalinas.cl\\\/en\\\/we-talk-about-sanitation-on-ponteonline-ucv-tv\\\/#article\",\"isPartOf\":{\"@id\":\"https:\\\/\\\/lassalinas.cl\\\/en\\\/we-talk-about-sanitation-on-ponteonline-ucv-tv\\\/\"},\"author\":{\"name\":\"test_n6zg78\",\"@id\":\"https:\\\/\\\/lassalinas.cl\\\/en\\\/#\\\/schema\\\/person\\\/2cb28f17281d978c10ff80bf255768a9\"},\"headline\":\"We talk about sanitation on Ponteonline UCV TV\",\"datePublished\":\"2023-08-30T00:00:00+00:00\",\"mainEntityOfPage\":{\"@id\":\"https:\\\/\\\/lassalinas.cl\\\/en\\\/we-talk-about-sanitation-on-ponteonline-ucv-tv\\\/\"},\"wordCount\":119,\"image\":{\"@id\":\"https:\\\/\\\/lassalinas.cl\\\/en\\\/we-talk-about-sanitation-on-ponteonline-ucv-tv\\\/#primaryimage\"},\"thumbnailUrl\":\"https:\\\/\\\/lassalinas.cl\\\/wp-content\\\/uploads\\\/2024\\\/10\\\/02-Imagen-1.avif\",\"keywords\":[\"Bioremediation\",\"Community\",\"Las Salinas\"],\"articleSection\":[\"Publications and Media\",\"Remediation\"],\"inLanguage\":\"en-US\"},{\"@type\":[\"WebPage\",\"ItemPage\"],\"@id\":\"https:\\\/\\\/lassalinas.cl\\\/en\\\/we-talk-about-sanitation-on-ponteonline-ucv-tv\\\/\",\"url\":\"https:\\\/\\\/lassalinas.cl\\\/en\\\/we-talk-about-sanitation-on-ponteonline-ucv-tv\\\/\",\"name\":\"We talk about sanitation on Ponteonline UCV TV - Las Salinas\",\"isPartOf\":{\"@id\":\"https:\\\/\\\/lassalinas.cl\\\/en\\\/#website\"},\"primaryImageOfPage\":{\"@id\":\"https:\\\/\\\/lassalinas.cl\\\/en\\\/we-talk-about-sanitation-on-ponteonline-ucv-tv\\\/#primaryimage\"},\"image\":{\"@id\":\"https:\\\/\\\/lassalinas.cl\\\/en\\\/we-talk-about-sanitation-on-ponteonline-ucv-tv\\\/#primaryimage\"},\"thumbnailUrl\":\"https:\\\/\\\/lassalinas.cl\\\/wp-content\\\/uploads\\\/2024\\\/10\\\/02-Imagen-1.avif\",\"datePublished\":\"2023-08-30T00:00:00+00:00\",\"author\":{\"@id\":\"https:\\\/\\\/lassalinas.cl\\\/en\\\/#\\\/schema\\\/person\\\/2cb28f17281d978c10ff80bf255768a9\"},\"description\":\"Descubre c\u00f3mo estamos recuperando un espacio emblem\u00e1tico para la ciudad a trav\u00e9s del saneamiento de suelos contaminados.\",\"breadcrumb\":{\"@id\":\"https:\\\/\\\/lassalinas.cl\\\/en\\\/we-talk-about-sanitation-on-ponteonline-ucv-tv\\\/#breadcrumb\"},\"inLanguage\":\"en-US\",\"potentialAction\":[{\"@type\":\"ReadAction\",\"target\":[\"https:\\\/\\\/lassalinas.cl\\\/en\\\/we-talk-about-sanitation-on-ponteonline-ucv-tv\\\/\"]}]},{\"@type\":\"ImageObject\",\"inLanguage\":\"en-US\",\"@id\":\"https:\\\/\\\/lassalinas.cl\\\/en\\\/we-talk-about-sanitation-on-ponteonline-ucv-tv\\\/#primaryimage\",\"url\":\"https:\\\/\\\/lassalinas.cl\\\/wp-content\\\/uploads\\\/2024\\\/10\\\/02-Imagen-1.avif\",\"contentUrl\":\"https:\\\/\\\/lassalinas.cl\\\/wp-content\\\/uploads\\\/2024\\\/10\\\/02-Imagen-1.avif\"},{\"@type\":\"BreadcrumbList\",\"@id\":\"https:\\\/\\\/lassalinas.cl\\\/en\\\/we-talk-about-sanitation-on-ponteonline-ucv-tv\\\/#breadcrumb\",\"itemListElement\":[{\"@type\":\"ListItem\",\"position\":1,\"name\":\"Portada\",\"item\":\"https:\\\/\\\/lassalinas.cl\\\/en\\\/\"},{\"@type\":\"ListItem\",\"position\":2,\"name\":\"We talk about sanitation on Ponteonline UCV TV\"}]},{\"@type\":\"WebSite\",\"@id\":\"https:\\\/\\\/lassalinas.cl\\\/en\\\/#website\",\"url\":\"https:\\\/\\\/lassalinas.cl\\\/en\\\/\",\"name\":\"Las Salinas\",\"description\":\"Impulsando un Vi\u00f1a del Mar m\u00e1s sustentable\",\"potentialAction\":[{\"@type\":\"SearchAction\",\"target\":{\"@type\":\"EntryPoint\",\"urlTemplate\":\"https:\\\/\\\/lassalinas.cl\\\/en\\\/?s={search_term_string}\"},\"query-input\":{\"@type\":\"PropertyValueSpecification\",\"valueRequired\":true,\"valueName\":\"search_term_string\"}}],\"inLanguage\":\"en-US\"},{\"@type\":\"Person\",\"@id\":\"https:\\\/\\\/lassalinas.cl\\\/en\\\/#\\\/schema\\\/person\\\/2cb28f17281d978c10ff80bf255768a9\",\"name\":\"test_n6zg78\",\"sameAs\":[\"https:\\\/\\\/lassalinas.cl\"],\"url\":\"https:\\\/\\\/lassalinas.cl\\\/en\\\/author\\\/test_n6zg78\\\/\"}]}<\/script>\n<!-- \/ Yoast SEO plugin. -->","yoast_head_json":{"title":"We talk about sanitation on Ponteonline UCV TV - Las Salinas","description":"Descubre c\u00f3mo estamos recuperando un espacio emblem\u00e1tico para la ciudad a trav\u00e9s del saneamiento de suelos contaminados.","robots":{"index":"index","follow":"follow","max-snippet":"max-snippet:-1","max-image-preview":"max-image-preview:large","max-video-preview":"max-video-preview:-1"},"canonical":"https:\/\/lassalinas.cl\/en\/we-talk-about-sanitation-on-ponteonline-ucv-tv\/","og_locale":"en_US","og_type":"article","og_title":"We talk about sanitation on Ponteonline UCV TV - Las Salinas","og_description":"Descubre c\u00f3mo estamos recuperando un espacio emblem\u00e1tico para la ciudad a trav\u00e9s del saneamiento de suelos contaminados.","og_url":"https:\/\/lassalinas.cl\/en\/we-talk-about-sanitation-on-ponteonline-ucv-tv\/","og_site_name":"Las Salinas","article_publisher":"https:\/\/web.facebook.com\/somoslassalinas","article_published_time":"2023-08-30T00:00:00+00:00","og_image":[{"url":"https:\/\/lassalinas.cl\/wp-content\/uploads\/2024\/10\/02-Imagen-1.png","width":1,"height":1,"type":"image\/png"}],"author":"test_n6zg78","twitter_card":"summary_large_image","twitter_creator":"@SomosLasSalinas","twitter_site":"@SomosLasSalinas","twitter_misc":{"Written by":"test_n6zg78","Est. reading time":"1 minute"},"schema":{"@context":"https:\/\/schema.org","@graph":[{"@type":"Article","@id":"https:\/\/lassalinas.cl\/en\/we-talk-about-sanitation-on-ponteonline-ucv-tv\/#article","isPartOf":{"@id":"https:\/\/lassalinas.cl\/en\/we-talk-about-sanitation-on-ponteonline-ucv-tv\/"},"author":{"name":"test_n6zg78","@id":"https:\/\/lassalinas.cl\/en\/#\/schema\/person\/2cb28f17281d978c10ff80bf255768a9"},"headline":"We talk about sanitation on Ponteonline UCV TV","datePublished":"2023-08-30T00:00:00+00:00","mainEntityOfPage":{"@id":"https:\/\/lassalinas.cl\/en\/we-talk-about-sanitation-on-ponteonline-ucv-tv\/"},"wordCount":119,"image":{"@id":"https:\/\/lassalinas.cl\/en\/we-talk-about-sanitation-on-ponteonline-ucv-tv\/#primaryimage"},"thumbnailUrl":"https:\/\/lassalinas.cl\/wp-content\/uploads\/2024\/10\/02-Imagen-1.avif","keywords":["Bioremediation","Community","Las Salinas"],"articleSection":["Publications and Media","Remediation"],"inLanguage":"en-US"},{"@type":["WebPage","ItemPage"],"@id":"https:\/\/lassalinas.cl\/en\/we-talk-about-sanitation-on-ponteonline-ucv-tv\/","url":"https:\/\/lassalinas.cl\/en\/we-talk-about-sanitation-on-ponteonline-ucv-tv\/","name":"We talk about sanitation on Ponteonline UCV TV - Las Salinas","isPartOf":{"@id":"https:\/\/lassalinas.cl\/en\/#website"},"primaryImageOfPage":{"@id":"https:\/\/lassalinas.cl\/en\/we-talk-about-sanitation-on-ponteonline-ucv-tv\/#primaryimage"},"image":{"@id":"https:\/\/lassalinas.cl\/en\/we-talk-about-sanitation-on-ponteonline-ucv-tv\/#primaryimage"},"thumbnailUrl":"https:\/\/lassalinas.cl\/wp-content\/uploads\/2024\/10\/02-Imagen-1.avif","datePublished":"2023-08-30T00:00:00+00:00","author":{"@id":"https:\/\/lassalinas.cl\/en\/#\/schema\/person\/2cb28f17281d978c10ff80bf255768a9"},"description":"Descubre c\u00f3mo estamos recuperando un espacio emblem\u00e1tico para la ciudad a trav\u00e9s del saneamiento de suelos contaminados.","breadcrumb":{"@id":"https:\/\/lassalinas.cl\/en\/we-talk-about-sanitation-on-ponteonline-ucv-tv\/#breadcrumb"},"inLanguage":"en-US","potentialAction":[{"@type":"ReadAction","target":["https:\/\/lassalinas.cl\/en\/we-talk-about-sanitation-on-ponteonline-ucv-tv\/"]}]},{"@type":"ImageObject","inLanguage":"en-US","@id":"https:\/\/lassalinas.cl\/en\/we-talk-about-sanitation-on-ponteonline-ucv-tv\/#primaryimage","url":"https:\/\/lassalinas.cl\/wp-content\/uploads\/2024\/10\/02-Imagen-1.avif","contentUrl":"https:\/\/lassalinas.cl\/wp-content\/uploads\/2024\/10\/02-Imagen-1.avif"},{"@type":"BreadcrumbList","@id":"https:\/\/lassalinas.cl\/en\/we-talk-about-sanitation-on-ponteonline-ucv-tv\/#breadcrumb","itemListElement":[{"@type":"ListItem","position":1,"name":"Portada","item":"https:\/\/lassalinas.cl\/en\/"},{"@type":"ListItem","position":2,"name":"We talk about sanitation on Ponteonline UCV TV"}]},{"@type":"WebSite","@id":"https:\/\/lassalinas.cl\/en\/#website","url":"https:\/\/lassalinas.cl\/en\/","name":"Las Salinas","description":"Impulsando un Vi\u00f1a del Mar m\u00e1s sustentable","potentialAction":[{"@type":"SearchAction","target":{"@type":"EntryPoint","urlTemplate":"https:\/\/lassalinas.cl\/en\/?s={search_term_string}"},"query-input":{"@type":"PropertyValueSpecification","valueRequired":true,"valueName":"search_term_string"}}],"inLanguage":"en-US"},{"@type":"Person","@id":"https:\/\/lassalinas.cl\/en\/#\/schema\/person\/2cb28f17281d978c10ff80bf255768a9","name":"test_n6zg78","sameAs":["https:\/\/lassalinas.cl"],"url":"https:\/\/lassalinas.cl\/en\/author\/test_n6zg78\/"}]}},"_links":{"self":[{"href":"https:\/\/lassalinas.cl\/en\/wp-json\/wp\/v2\/posts\/3726","targetHints":{"allow":["GET"]}}],"collection":[{"href":"https:\/\/lassalinas.cl\/en\/wp-json\/wp\/v2\/posts"}],"about":[{"href":"https:\/\/lassalinas.cl\/en\/wp-json\/wp\/v2\/types\/post"}],"author":[{"embeddable":true,"href":"https:\/\/lassalinas.cl\/en\/wp-json\/wp\/v2\/users\/1"}],"replies":[{"embeddable":true,"href":"https:\/\/lassalinas.cl\/en\/wp-json\/wp\/v2\/comments?post=3726"}],"version-history":[{"count":0,"href":"https:\/\/lassalinas.cl\/en\/wp-json\/wp\/v2\/posts\/3726\/revisions"}],"wp:featuredmedia":[{"embeddable":true,"href":"https:\/\/lassalinas.cl\/en\/wp-json\/wp\/v2\/media\/873"}],"wp:attachment":[{"href":"https:\/\/lassalinas.cl\/en\/wp-json\/wp\/v2\/media?parent=3726"}],"wp:term":[{"taxonomy":"category","embeddable":true,"href":"https:\/\/lassalinas.cl\/en\/wp-json\/wp\/v2\/categories?post=3726"},{"taxonomy":"post_tag","embeddable":true,"href":"https:\/\/lassalinas.cl\/en\/wp-json\/wp\/v2\/tags?post=3726"}],"curies":[{"name":"wp","href":"https:\/\/api.w.org\/{rel}","templated":true}]}}