{"id":3787,"date":"2021-05-04T00:00:00","date_gmt":"2021-05-04T00:00:00","guid":{"rendered":"https:\/\/lassalinas.cl\/sin-categorizar\/las-salinas-ratifies-its-opposing-position-regarding-6-oriente\/"},"modified":"2021-05-04T00:00:00","modified_gmt":"2021-05-04T00:00:00","slug":"las-salinas-ratifies-its-opposing-position-regarding-6-oriente","status":"publish","type":"post","link":"https:\/\/lassalinas.cl\/en\/las-salinas-ratifies-its-opposing-position-regarding-6-oriente\/","title":{"rendered":"Las Salinas ratifies its opposing position regarding 6 Oriente"},"content":{"rendered":"\n<p>  With respect to the proposed 6 Oriente urban highway, Las Salinas declares its categorical rejection of this project. The Las Salinas proposal, unlike the 6 Oriente Urban Highway Project, incorporates a safe crosswalk, where the main focus is precisely on the formalization of pedestrian services; a level crosswalk provides a solution to the desire of the sector&#8217;s residents to connect the Santa In\u00e9s neighborhood with the western side of Avenida Alessandri to directly access the 19 Norte exit, a public space that also has a proposal for recovery and improvement, promoted by Las Salinas. In addition, it is configured as a comfortable and spacious bus stop so that both the buses that go to Vi\u00f1a and the buses that want to return to the north, can receive and drop off passengers. All of this with a native flora, which allows to generate a quality and pleasant space, where the vegetation becomes a natural barrier to mitigate the noise of the high flow of Avenida Alessandri, accompanied by a high standard furniture, to provide comfort and safety to its users. All of this allows us to improve the pedestrian territorial integration of our neighboring communities with the waterfront and the expeditious access to a sector where we want to develop a neighborhood with a system of good quality public spaces, parks and promenades of free access, and infrastructure of social interest.<\/p>\n","protected":false},"excerpt":{"rendered":"<p>With respect to the proposed 6 Oriente urban highway, Las Salinas declares its categorical rejection of this project. The Las Salinas proposal, unlike the 6 Oriente Urban Highway Project, incorporates a safe crosswalk, where the main focus is precisely on the formalization of pedestrian services; a level crosswalk provides a solution to the desire of [&hellip;]<\/p>\n","protected":false},"author":1,"featured_media":1059,"comment_status":"closed","ping_status":"closed","sticky":false,"template":"","format":"standard","meta":{"footnotes":""},"categories":[82,87,84],"tags":[90],"class_list":["post-3787","post","type-post","status-publish","format-standard","has-post-thumbnail","hentry","category-publications-and-media","category-urban-process","category-we","tag-publications-and-media"],"yoast_head":"<!-- This site is optimized with the Yoast SEO plugin v27.3 - https:\/\/yoast.com\/product\/yoast-seo-wordpress\/ -->\n<title>Las Salinas ratifies its opposing position regarding 6 Oriente - Las Salinas<\/title>\n<meta name=\"description\" content=\"Descubre c\u00f3mo estamos recuperando un espacio emblem\u00e1tico para la ciudad a trav\u00e9s del saneamiento de suelos contaminados.\" \/>\n<meta name=\"robots\" content=\"index, follow, max-snippet:-1, max-image-preview:large, max-video-preview:-1\" \/>\n<link rel=\"canonical\" href=\"https:\/\/lassalinas.cl\/en\/las-salinas-ratifies-its-opposing-position-regarding-6-oriente\/\" \/>\n<meta property=\"og:locale\" content=\"en_US\" \/>\n<meta property=\"og:type\" content=\"article\" \/>\n<meta property=\"og:title\" content=\"Las Salinas ratifies its opposing position regarding 6 Oriente - Las Salinas\" \/>\n<meta property=\"og:description\" content=\"Descubre c\u00f3mo estamos recuperando un espacio emblem\u00e1tico para la ciudad a trav\u00e9s del saneamiento de suelos contaminados.\" \/>\n<meta property=\"og:url\" content=\"https:\/\/lassalinas.cl\/en\/las-salinas-ratifies-its-opposing-position-regarding-6-oriente\/\" \/>\n<meta property=\"og:site_name\" content=\"Las Salinas\" \/>\n<meta property=\"article:publisher\" content=\"https:\/\/web.facebook.com\/somoslassalinas\" \/>\n<meta property=\"article:published_time\" content=\"2021-05-04T00:00:00+00:00\" \/>\n<meta property=\"og:image\" content=\"https:\/\/lassalinas.cl\/wp-content\/uploads\/2024\/10\/Foto-1.jpeg\" \/>\n\t<meta property=\"og:image:width\" content=\"1\" \/>\n\t<meta property=\"og:image:height\" content=\"1\" \/>\n\t<meta property=\"og:image:type\" content=\"image\/jpeg\" \/>\n<meta name=\"author\" content=\"test_n6zg78\" \/>\n<meta name=\"twitter:card\" content=\"summary_large_image\" \/>\n<meta name=\"twitter:creator\" content=\"@SomosLasSalinas\" \/>\n<meta name=\"twitter:site\" content=\"@SomosLasSalinas\" \/>\n<meta name=\"twitter:label1\" content=\"Written by\" \/>\n\t<meta name=\"twitter:data1\" content=\"test_n6zg78\" \/>\n\t<meta name=\"twitter:label2\" content=\"Est. reading time\" \/>\n\t<meta name=\"twitter:data2\" content=\"1 minute\" \/>\n<script type=\"application\/ld+json\" class=\"yoast-schema-graph\">{\"@context\":\"https:\\\/\\\/schema.org\",\"@graph\":[{\"@type\":\"Article\",\"@id\":\"https:\\\/\\\/lassalinas.cl\\\/en\\\/las-salinas-ratifies-its-opposing-position-regarding-6-oriente\\\/#article\",\"isPartOf\":{\"@id\":\"https:\\\/\\\/lassalinas.cl\\\/en\\\/las-salinas-ratifies-its-opposing-position-regarding-6-oriente\\\/\"},\"author\":{\"name\":\"test_n6zg78\",\"@id\":\"https:\\\/\\\/lassalinas.cl\\\/en\\\/#\\\/schema\\\/person\\\/2cb28f17281d978c10ff80bf255768a9\"},\"headline\":\"Las Salinas ratifies its opposing position regarding 6 Oriente\",\"datePublished\":\"2021-05-04T00:00:00+00:00\",\"mainEntityOfPage\":{\"@id\":\"https:\\\/\\\/lassalinas.cl\\\/en\\\/las-salinas-ratifies-its-opposing-position-regarding-6-oriente\\\/\"},\"wordCount\":238,\"image\":{\"@id\":\"https:\\\/\\\/lassalinas.cl\\\/en\\\/las-salinas-ratifies-its-opposing-position-regarding-6-oriente\\\/#primaryimage\"},\"thumbnailUrl\":\"https:\\\/\\\/lassalinas.cl\\\/wp-content\\\/uploads\\\/2024\\\/10\\\/Foto-1.avif\",\"keywords\":[\"Publications and media\"],\"articleSection\":[\"Publications and Media\",\"Urban process\",\"We\"],\"inLanguage\":\"en-US\"},{\"@type\":[\"WebPage\",\"ItemPage\"],\"@id\":\"https:\\\/\\\/lassalinas.cl\\\/en\\\/las-salinas-ratifies-its-opposing-position-regarding-6-oriente\\\/\",\"url\":\"https:\\\/\\\/lassalinas.cl\\\/en\\\/las-salinas-ratifies-its-opposing-position-regarding-6-oriente\\\/\",\"name\":\"Las Salinas ratifies its opposing position regarding 6 Oriente - Las Salinas\",\"isPartOf\":{\"@id\":\"https:\\\/\\\/lassalinas.cl\\\/en\\\/#website\"},\"primaryImageOfPage\":{\"@id\":\"https:\\\/\\\/lassalinas.cl\\\/en\\\/las-salinas-ratifies-its-opposing-position-regarding-6-oriente\\\/#primaryimage\"},\"image\":{\"@id\":\"https:\\\/\\\/lassalinas.cl\\\/en\\\/las-salinas-ratifies-its-opposing-position-regarding-6-oriente\\\/#primaryimage\"},\"thumbnailUrl\":\"https:\\\/\\\/lassalinas.cl\\\/wp-content\\\/uploads\\\/2024\\\/10\\\/Foto-1.avif\",\"datePublished\":\"2021-05-04T00:00:00+00:00\",\"author\":{\"@id\":\"https:\\\/\\\/lassalinas.cl\\\/en\\\/#\\\/schema\\\/person\\\/2cb28f17281d978c10ff80bf255768a9\"},\"description\":\"Descubre c\u00f3mo estamos recuperando un espacio emblem\u00e1tico para la ciudad a trav\u00e9s del saneamiento de suelos contaminados.\",\"breadcrumb\":{\"@id\":\"https:\\\/\\\/lassalinas.cl\\\/en\\\/las-salinas-ratifies-its-opposing-position-regarding-6-oriente\\\/#breadcrumb\"},\"inLanguage\":\"en-US\",\"potentialAction\":[{\"@type\":\"ReadAction\",\"target\":[\"https:\\\/\\\/lassalinas.cl\\\/en\\\/las-salinas-ratifies-its-opposing-position-regarding-6-oriente\\\/\"]}]},{\"@type\":\"ImageObject\",\"inLanguage\":\"en-US\",\"@id\":\"https:\\\/\\\/lassalinas.cl\\\/en\\\/las-salinas-ratifies-its-opposing-position-regarding-6-oriente\\\/#primaryimage\",\"url\":\"https:\\\/\\\/lassalinas.cl\\\/wp-content\\\/uploads\\\/2024\\\/10\\\/Foto-1.avif\",\"contentUrl\":\"https:\\\/\\\/lassalinas.cl\\\/wp-content\\\/uploads\\\/2024\\\/10\\\/Foto-1.avif\",\"width\":400,\"height\":256},{\"@type\":\"BreadcrumbList\",\"@id\":\"https:\\\/\\\/lassalinas.cl\\\/en\\\/las-salinas-ratifies-its-opposing-position-regarding-6-oriente\\\/#breadcrumb\",\"itemListElement\":[{\"@type\":\"ListItem\",\"position\":1,\"name\":\"Portada\",\"item\":\"https:\\\/\\\/lassalinas.cl\\\/en\\\/\"},{\"@type\":\"ListItem\",\"position\":2,\"name\":\"Las Salinas ratifies its opposing position regarding 6 Oriente\"}]},{\"@type\":\"WebSite\",\"@id\":\"https:\\\/\\\/lassalinas.cl\\\/en\\\/#website\",\"url\":\"https:\\\/\\\/lassalinas.cl\\\/en\\\/\",\"name\":\"Las Salinas\",\"description\":\"Impulsando un Vi\u00f1a del Mar m\u00e1s sustentable\",\"potentialAction\":[{\"@type\":\"SearchAction\",\"target\":{\"@type\":\"EntryPoint\",\"urlTemplate\":\"https:\\\/\\\/lassalinas.cl\\\/en\\\/?s={search_term_string}\"},\"query-input\":{\"@type\":\"PropertyValueSpecification\",\"valueRequired\":true,\"valueName\":\"search_term_string\"}}],\"inLanguage\":\"en-US\"},{\"@type\":\"Person\",\"@id\":\"https:\\\/\\\/lassalinas.cl\\\/en\\\/#\\\/schema\\\/person\\\/2cb28f17281d978c10ff80bf255768a9\",\"name\":\"test_n6zg78\",\"sameAs\":[\"https:\\\/\\\/lassalinas.cl\"],\"url\":\"https:\\\/\\\/lassalinas.cl\\\/en\\\/author\\\/test_n6zg78\\\/\"}]}<\/script>\n<!-- \/ Yoast SEO plugin. -->","yoast_head_json":{"title":"Las Salinas ratifies its opposing position regarding 6 Oriente - Las Salinas","description":"Descubre c\u00f3mo estamos recuperando un espacio emblem\u00e1tico para la ciudad a trav\u00e9s del saneamiento de suelos contaminados.","robots":{"index":"index","follow":"follow","max-snippet":"max-snippet:-1","max-image-preview":"max-image-preview:large","max-video-preview":"max-video-preview:-1"},"canonical":"https:\/\/lassalinas.cl\/en\/las-salinas-ratifies-its-opposing-position-regarding-6-oriente\/","og_locale":"en_US","og_type":"article","og_title":"Las Salinas ratifies its opposing position regarding 6 Oriente - Las Salinas","og_description":"Descubre c\u00f3mo estamos recuperando un espacio emblem\u00e1tico para la ciudad a trav\u00e9s del saneamiento de suelos contaminados.","og_url":"https:\/\/lassalinas.cl\/en\/las-salinas-ratifies-its-opposing-position-regarding-6-oriente\/","og_site_name":"Las Salinas","article_publisher":"https:\/\/web.facebook.com\/somoslassalinas","article_published_time":"2021-05-04T00:00:00+00:00","og_image":[{"url":"https:\/\/lassalinas.cl\/wp-content\/uploads\/2024\/10\/Foto-1.jpeg","width":1,"height":1,"type":"image\/jpeg"}],"author":"test_n6zg78","twitter_card":"summary_large_image","twitter_creator":"@SomosLasSalinas","twitter_site":"@SomosLasSalinas","twitter_misc":{"Written by":"test_n6zg78","Est. reading time":"1 minute"},"schema":{"@context":"https:\/\/schema.org","@graph":[{"@type":"Article","@id":"https:\/\/lassalinas.cl\/en\/las-salinas-ratifies-its-opposing-position-regarding-6-oriente\/#article","isPartOf":{"@id":"https:\/\/lassalinas.cl\/en\/las-salinas-ratifies-its-opposing-position-regarding-6-oriente\/"},"author":{"name":"test_n6zg78","@id":"https:\/\/lassalinas.cl\/en\/#\/schema\/person\/2cb28f17281d978c10ff80bf255768a9"},"headline":"Las Salinas ratifies its opposing position regarding 6 Oriente","datePublished":"2021-05-04T00:00:00+00:00","mainEntityOfPage":{"@id":"https:\/\/lassalinas.cl\/en\/las-salinas-ratifies-its-opposing-position-regarding-6-oriente\/"},"wordCount":238,"image":{"@id":"https:\/\/lassalinas.cl\/en\/las-salinas-ratifies-its-opposing-position-regarding-6-oriente\/#primaryimage"},"thumbnailUrl":"https:\/\/lassalinas.cl\/wp-content\/uploads\/2024\/10\/Foto-1.avif","keywords":["Publications and media"],"articleSection":["Publications and Media","Urban process","We"],"inLanguage":"en-US"},{"@type":["WebPage","ItemPage"],"@id":"https:\/\/lassalinas.cl\/en\/las-salinas-ratifies-its-opposing-position-regarding-6-oriente\/","url":"https:\/\/lassalinas.cl\/en\/las-salinas-ratifies-its-opposing-position-regarding-6-oriente\/","name":"Las Salinas ratifies its opposing position regarding 6 Oriente - Las Salinas","isPartOf":{"@id":"https:\/\/lassalinas.cl\/en\/#website"},"primaryImageOfPage":{"@id":"https:\/\/lassalinas.cl\/en\/las-salinas-ratifies-its-opposing-position-regarding-6-oriente\/#primaryimage"},"image":{"@id":"https:\/\/lassalinas.cl\/en\/las-salinas-ratifies-its-opposing-position-regarding-6-oriente\/#primaryimage"},"thumbnailUrl":"https:\/\/lassalinas.cl\/wp-content\/uploads\/2024\/10\/Foto-1.avif","datePublished":"2021-05-04T00:00:00+00:00","author":{"@id":"https:\/\/lassalinas.cl\/en\/#\/schema\/person\/2cb28f17281d978c10ff80bf255768a9"},"description":"Descubre c\u00f3mo estamos recuperando un espacio emblem\u00e1tico para la ciudad a trav\u00e9s del saneamiento de suelos contaminados.","breadcrumb":{"@id":"https:\/\/lassalinas.cl\/en\/las-salinas-ratifies-its-opposing-position-regarding-6-oriente\/#breadcrumb"},"inLanguage":"en-US","potentialAction":[{"@type":"ReadAction","target":["https:\/\/lassalinas.cl\/en\/las-salinas-ratifies-its-opposing-position-regarding-6-oriente\/"]}]},{"@type":"ImageObject","inLanguage":"en-US","@id":"https:\/\/lassalinas.cl\/en\/las-salinas-ratifies-its-opposing-position-regarding-6-oriente\/#primaryimage","url":"https:\/\/lassalinas.cl\/wp-content\/uploads\/2024\/10\/Foto-1.avif","contentUrl":"https:\/\/lassalinas.cl\/wp-content\/uploads\/2024\/10\/Foto-1.avif","width":400,"height":256},{"@type":"BreadcrumbList","@id":"https:\/\/lassalinas.cl\/en\/las-salinas-ratifies-its-opposing-position-regarding-6-oriente\/#breadcrumb","itemListElement":[{"@type":"ListItem","position":1,"name":"Portada","item":"https:\/\/lassalinas.cl\/en\/"},{"@type":"ListItem","position":2,"name":"Las Salinas ratifies its opposing position regarding 6 Oriente"}]},{"@type":"WebSite","@id":"https:\/\/lassalinas.cl\/en\/#website","url":"https:\/\/lassalinas.cl\/en\/","name":"Las Salinas","description":"Impulsando un Vi\u00f1a del Mar m\u00e1s sustentable","potentialAction":[{"@type":"SearchAction","target":{"@type":"EntryPoint","urlTemplate":"https:\/\/lassalinas.cl\/en\/?s={search_term_string}"},"query-input":{"@type":"PropertyValueSpecification","valueRequired":true,"valueName":"search_term_string"}}],"inLanguage":"en-US"},{"@type":"Person","@id":"https:\/\/lassalinas.cl\/en\/#\/schema\/person\/2cb28f17281d978c10ff80bf255768a9","name":"test_n6zg78","sameAs":["https:\/\/lassalinas.cl"],"url":"https:\/\/lassalinas.cl\/en\/author\/test_n6zg78\/"}]}},"_links":{"self":[{"href":"https:\/\/lassalinas.cl\/en\/wp-json\/wp\/v2\/posts\/3787","targetHints":{"allow":["GET"]}}],"collection":[{"href":"https:\/\/lassalinas.cl\/en\/wp-json\/wp\/v2\/posts"}],"about":[{"href":"https:\/\/lassalinas.cl\/en\/wp-json\/wp\/v2\/types\/post"}],"author":[{"embeddable":true,"href":"https:\/\/lassalinas.cl\/en\/wp-json\/wp\/v2\/users\/1"}],"replies":[{"embeddable":true,"href":"https:\/\/lassalinas.cl\/en\/wp-json\/wp\/v2\/comments?post=3787"}],"version-history":[{"count":0,"href":"https:\/\/lassalinas.cl\/en\/wp-json\/wp\/v2\/posts\/3787\/revisions"}],"wp:featuredmedia":[{"embeddable":true,"href":"https:\/\/lassalinas.cl\/en\/wp-json\/wp\/v2\/media\/1059"}],"wp:attachment":[{"href":"https:\/\/lassalinas.cl\/en\/wp-json\/wp\/v2\/media?parent=3787"}],"wp:term":[{"taxonomy":"category","embeddable":true,"href":"https:\/\/lassalinas.cl\/en\/wp-json\/wp\/v2\/categories?post=3787"},{"taxonomy":"post_tag","embeddable":true,"href":"https:\/\/lassalinas.cl\/en\/wp-json\/wp\/v2\/tags?post=3787"}],"curies":[{"name":"wp","href":"https:\/\/api.w.org\/{rel}","templated":true}]}}