{"id":3797,"date":"2021-07-08T00:00:00","date_gmt":"2021-07-08T00:00:00","guid":{"rendered":"https:\/\/lassalinas.cl\/sin-categorizar\/parque-jardin-botanico-to-present-at-fau-of-universidad-de-chile\/"},"modified":"2021-07-08T00:00:00","modified_gmt":"2021-07-08T00:00:00","slug":"parque-jardin-botanico-to-present-at-fau-of-universidad-de-chile","status":"publish","type":"post","link":"https:\/\/lassalinas.cl\/en\/parque-jardin-botanico-to-present-at-fau-of-universidad-de-chile\/","title":{"rendered":"Parque Jard\u00edn Bot\u00e1nico to present at FAU of Universidad de Chile"},"content":{"rendered":"<p>As part of the presentations associated with the Competition Cycle organized by the Faculty of Architecture and Urbanism of the University of Chile, two emblematic projects of the Valpara\u00edso Region will be presented: the winning project of the Las Salinas Urban Park Competition, Parque Jard\u00edn Bot\u00e1nico, and the Parque Bar\u00f3n project.<\/p>\n<p>The details of the activity can be found in the poster below:<\/p>\n\n","protected":false},"excerpt":{"rendered":"<p>As part of the presentations associated with the Competition Cycle organized by the Faculty of Architecture and Urbanism of the University of Chile, two emblematic projects of the Valpara\u00edso Region will be presented: the winning project of the Las Salinas Urban Park Competition, Parque Jard\u00edn Bot\u00e1nico, and the Parque Bar\u00f3n project. The details of the [&hellip;]<\/p>\n","protected":false},"author":1,"featured_media":1066,"comment_status":"closed","ping_status":"closed","sticky":false,"template":"","format":"standard","meta":{"footnotes":""},"categories":[82,87],"tags":[90],"class_list":["post-3797","post","type-post","status-publish","format-standard","has-post-thumbnail","hentry","category-publications-and-media","category-urban-process","tag-publications-and-media"],"yoast_head":"<!-- This site is optimized with the Yoast SEO plugin v27.3 - https:\/\/yoast.com\/product\/yoast-seo-wordpress\/ -->\n<title>Parque Jard\u00edn Bot\u00e1nico to present at FAU of Universidad de Chile - Las Salinas<\/title>\n<meta name=\"description\" content=\"Descubre c\u00f3mo estamos recuperando un espacio emblem\u00e1tico para la ciudad a trav\u00e9s del saneamiento de suelos contaminados.\" \/>\n<meta name=\"robots\" content=\"index, follow, max-snippet:-1, max-image-preview:large, max-video-preview:-1\" \/>\n<link rel=\"canonical\" href=\"https:\/\/lassalinas.cl\/en\/parque-jardin-botanico-to-present-at-fau-of-universidad-de-chile\/\" \/>\n<meta property=\"og:locale\" content=\"en_US\" \/>\n<meta property=\"og:type\" content=\"article\" \/>\n<meta property=\"og:title\" content=\"Parque Jard\u00edn Bot\u00e1nico to present at FAU of Universidad de Chile - Las Salinas\" \/>\n<meta property=\"og:description\" content=\"Descubre c\u00f3mo estamos recuperando un espacio emblem\u00e1tico para la ciudad a trav\u00e9s del saneamiento de suelos contaminados.\" \/>\n<meta property=\"og:url\" content=\"https:\/\/lassalinas.cl\/en\/parque-jardin-botanico-to-present-at-fau-of-universidad-de-chile\/\" \/>\n<meta property=\"og:site_name\" content=\"Las Salinas\" \/>\n<meta property=\"article:publisher\" content=\"https:\/\/web.facebook.com\/somoslassalinas\" \/>\n<meta property=\"article:published_time\" content=\"2021-07-08T00:00:00+00:00\" \/>\n<meta property=\"og:image\" content=\"https:\/\/lassalinas.cl\/wp-content\/uploads\/2024\/10\/Afiche-Agora-Virtual-web2.jpg\" \/>\n\t<meta property=\"og:image:width\" content=\"1\" \/>\n\t<meta property=\"og:image:height\" content=\"1\" \/>\n\t<meta property=\"og:image:type\" content=\"image\/jpeg\" \/>\n<meta name=\"author\" content=\"test_n6zg78\" \/>\n<meta name=\"twitter:card\" content=\"summary_large_image\" \/>\n<meta name=\"twitter:creator\" content=\"@SomosLasSalinas\" \/>\n<meta name=\"twitter:site\" content=\"@SomosLasSalinas\" \/>\n<meta name=\"twitter:label1\" content=\"Written by\" \/>\n\t<meta name=\"twitter:data1\" content=\"test_n6zg78\" \/>\n<script type=\"application\/ld+json\" class=\"yoast-schema-graph\">{\"@context\":\"https:\\\/\\\/schema.org\",\"@graph\":[{\"@type\":\"Article\",\"@id\":\"https:\\\/\\\/lassalinas.cl\\\/en\\\/parque-jardin-botanico-to-present-at-fau-of-universidad-de-chile\\\/#article\",\"isPartOf\":{\"@id\":\"https:\\\/\\\/lassalinas.cl\\\/en\\\/parque-jardin-botanico-to-present-at-fau-of-universidad-de-chile\\\/\"},\"author\":{\"name\":\"test_n6zg78\",\"@id\":\"https:\\\/\\\/lassalinas.cl\\\/en\\\/#\\\/schema\\\/person\\\/2cb28f17281d978c10ff80bf255768a9\"},\"headline\":\"Parque Jard\u00edn Bot\u00e1nico to present at FAU of Universidad de Chile\",\"datePublished\":\"2021-07-08T00:00:00+00:00\",\"mainEntityOfPage\":{\"@id\":\"https:\\\/\\\/lassalinas.cl\\\/en\\\/parque-jardin-botanico-to-present-at-fau-of-universidad-de-chile\\\/\"},\"wordCount\":92,\"image\":{\"@id\":\"https:\\\/\\\/lassalinas.cl\\\/en\\\/parque-jardin-botanico-to-present-at-fau-of-universidad-de-chile\\\/#primaryimage\"},\"thumbnailUrl\":\"https:\\\/\\\/lassalinas.cl\\\/wp-content\\\/uploads\\\/2024\\\/10\\\/Afiche-Agora-Virtual-web2.avif\",\"keywords\":[\"Publications and media\"],\"articleSection\":[\"Publications and Media\",\"Urban process\"],\"inLanguage\":\"en-US\"},{\"@type\":[\"WebPage\",\"ItemPage\"],\"@id\":\"https:\\\/\\\/lassalinas.cl\\\/en\\\/parque-jardin-botanico-to-present-at-fau-of-universidad-de-chile\\\/\",\"url\":\"https:\\\/\\\/lassalinas.cl\\\/en\\\/parque-jardin-botanico-to-present-at-fau-of-universidad-de-chile\\\/\",\"name\":\"Parque Jard\u00edn Bot\u00e1nico to present at FAU of Universidad de Chile - Las Salinas\",\"isPartOf\":{\"@id\":\"https:\\\/\\\/lassalinas.cl\\\/en\\\/#website\"},\"primaryImageOfPage\":{\"@id\":\"https:\\\/\\\/lassalinas.cl\\\/en\\\/parque-jardin-botanico-to-present-at-fau-of-universidad-de-chile\\\/#primaryimage\"},\"image\":{\"@id\":\"https:\\\/\\\/lassalinas.cl\\\/en\\\/parque-jardin-botanico-to-present-at-fau-of-universidad-de-chile\\\/#primaryimage\"},\"thumbnailUrl\":\"https:\\\/\\\/lassalinas.cl\\\/wp-content\\\/uploads\\\/2024\\\/10\\\/Afiche-Agora-Virtual-web2.avif\",\"datePublished\":\"2021-07-08T00:00:00+00:00\",\"author\":{\"@id\":\"https:\\\/\\\/lassalinas.cl\\\/en\\\/#\\\/schema\\\/person\\\/2cb28f17281d978c10ff80bf255768a9\"},\"description\":\"Descubre c\u00f3mo estamos recuperando un espacio emblem\u00e1tico para la ciudad a trav\u00e9s del saneamiento de suelos contaminados.\",\"breadcrumb\":{\"@id\":\"https:\\\/\\\/lassalinas.cl\\\/en\\\/parque-jardin-botanico-to-present-at-fau-of-universidad-de-chile\\\/#breadcrumb\"},\"inLanguage\":\"en-US\",\"potentialAction\":[{\"@type\":\"ReadAction\",\"target\":[\"https:\\\/\\\/lassalinas.cl\\\/en\\\/parque-jardin-botanico-to-present-at-fau-of-universidad-de-chile\\\/\"]}]},{\"@type\":\"ImageObject\",\"inLanguage\":\"en-US\",\"@id\":\"https:\\\/\\\/lassalinas.cl\\\/en\\\/parque-jardin-botanico-to-present-at-fau-of-universidad-de-chile\\\/#primaryimage\",\"url\":\"https:\\\/\\\/lassalinas.cl\\\/wp-content\\\/uploads\\\/2024\\\/10\\\/Afiche-Agora-Virtual-web2.avif\",\"contentUrl\":\"https:\\\/\\\/lassalinas.cl\\\/wp-content\\\/uploads\\\/2024\\\/10\\\/Afiche-Agora-Virtual-web2.avif\",\"width\":741,\"height\":468},{\"@type\":\"BreadcrumbList\",\"@id\":\"https:\\\/\\\/lassalinas.cl\\\/en\\\/parque-jardin-botanico-to-present-at-fau-of-universidad-de-chile\\\/#breadcrumb\",\"itemListElement\":[{\"@type\":\"ListItem\",\"position\":1,\"name\":\"Portada\",\"item\":\"https:\\\/\\\/lassalinas.cl\\\/en\\\/\"},{\"@type\":\"ListItem\",\"position\":2,\"name\":\"Parque Jard\u00edn Bot\u00e1nico to present at FAU of Universidad de Chile\"}]},{\"@type\":\"WebSite\",\"@id\":\"https:\\\/\\\/lassalinas.cl\\\/en\\\/#website\",\"url\":\"https:\\\/\\\/lassalinas.cl\\\/en\\\/\",\"name\":\"Las Salinas\",\"description\":\"Impulsando un Vi\u00f1a del Mar m\u00e1s sustentable\",\"potentialAction\":[{\"@type\":\"SearchAction\",\"target\":{\"@type\":\"EntryPoint\",\"urlTemplate\":\"https:\\\/\\\/lassalinas.cl\\\/en\\\/?s={search_term_string}\"},\"query-input\":{\"@type\":\"PropertyValueSpecification\",\"valueRequired\":true,\"valueName\":\"search_term_string\"}}],\"inLanguage\":\"en-US\"},{\"@type\":\"Person\",\"@id\":\"https:\\\/\\\/lassalinas.cl\\\/en\\\/#\\\/schema\\\/person\\\/2cb28f17281d978c10ff80bf255768a9\",\"name\":\"test_n6zg78\",\"sameAs\":[\"https:\\\/\\\/lassalinas.cl\"],\"url\":\"https:\\\/\\\/lassalinas.cl\\\/en\\\/author\\\/test_n6zg78\\\/\"}]}<\/script>\n<!-- \/ Yoast SEO plugin. -->","yoast_head_json":{"title":"Parque Jard\u00edn Bot\u00e1nico to present at FAU of Universidad de Chile - Las Salinas","description":"Descubre c\u00f3mo estamos recuperando un espacio emblem\u00e1tico para la ciudad a trav\u00e9s del saneamiento de suelos contaminados.","robots":{"index":"index","follow":"follow","max-snippet":"max-snippet:-1","max-image-preview":"max-image-preview:large","max-video-preview":"max-video-preview:-1"},"canonical":"https:\/\/lassalinas.cl\/en\/parque-jardin-botanico-to-present-at-fau-of-universidad-de-chile\/","og_locale":"en_US","og_type":"article","og_title":"Parque Jard\u00edn Bot\u00e1nico to present at FAU of Universidad de Chile - Las Salinas","og_description":"Descubre c\u00f3mo estamos recuperando un espacio emblem\u00e1tico para la ciudad a trav\u00e9s del saneamiento de suelos contaminados.","og_url":"https:\/\/lassalinas.cl\/en\/parque-jardin-botanico-to-present-at-fau-of-universidad-de-chile\/","og_site_name":"Las Salinas","article_publisher":"https:\/\/web.facebook.com\/somoslassalinas","article_published_time":"2021-07-08T00:00:00+00:00","og_image":[{"url":"https:\/\/lassalinas.cl\/wp-content\/uploads\/2024\/10\/Afiche-Agora-Virtual-web2.jpg","width":1,"height":1,"type":"image\/jpeg"}],"author":"test_n6zg78","twitter_card":"summary_large_image","twitter_creator":"@SomosLasSalinas","twitter_site":"@SomosLasSalinas","twitter_misc":{"Written by":"test_n6zg78"},"schema":{"@context":"https:\/\/schema.org","@graph":[{"@type":"Article","@id":"https:\/\/lassalinas.cl\/en\/parque-jardin-botanico-to-present-at-fau-of-universidad-de-chile\/#article","isPartOf":{"@id":"https:\/\/lassalinas.cl\/en\/parque-jardin-botanico-to-present-at-fau-of-universidad-de-chile\/"},"author":{"name":"test_n6zg78","@id":"https:\/\/lassalinas.cl\/en\/#\/schema\/person\/2cb28f17281d978c10ff80bf255768a9"},"headline":"Parque Jard\u00edn Bot\u00e1nico to present at FAU of Universidad de Chile","datePublished":"2021-07-08T00:00:00+00:00","mainEntityOfPage":{"@id":"https:\/\/lassalinas.cl\/en\/parque-jardin-botanico-to-present-at-fau-of-universidad-de-chile\/"},"wordCount":92,"image":{"@id":"https:\/\/lassalinas.cl\/en\/parque-jardin-botanico-to-present-at-fau-of-universidad-de-chile\/#primaryimage"},"thumbnailUrl":"https:\/\/lassalinas.cl\/wp-content\/uploads\/2024\/10\/Afiche-Agora-Virtual-web2.avif","keywords":["Publications and media"],"articleSection":["Publications and Media","Urban process"],"inLanguage":"en-US"},{"@type":["WebPage","ItemPage"],"@id":"https:\/\/lassalinas.cl\/en\/parque-jardin-botanico-to-present-at-fau-of-universidad-de-chile\/","url":"https:\/\/lassalinas.cl\/en\/parque-jardin-botanico-to-present-at-fau-of-universidad-de-chile\/","name":"Parque Jard\u00edn Bot\u00e1nico to present at FAU of Universidad de Chile - Las Salinas","isPartOf":{"@id":"https:\/\/lassalinas.cl\/en\/#website"},"primaryImageOfPage":{"@id":"https:\/\/lassalinas.cl\/en\/parque-jardin-botanico-to-present-at-fau-of-universidad-de-chile\/#primaryimage"},"image":{"@id":"https:\/\/lassalinas.cl\/en\/parque-jardin-botanico-to-present-at-fau-of-universidad-de-chile\/#primaryimage"},"thumbnailUrl":"https:\/\/lassalinas.cl\/wp-content\/uploads\/2024\/10\/Afiche-Agora-Virtual-web2.avif","datePublished":"2021-07-08T00:00:00+00:00","author":{"@id":"https:\/\/lassalinas.cl\/en\/#\/schema\/person\/2cb28f17281d978c10ff80bf255768a9"},"description":"Descubre c\u00f3mo estamos recuperando un espacio emblem\u00e1tico para la ciudad a trav\u00e9s del saneamiento de suelos contaminados.","breadcrumb":{"@id":"https:\/\/lassalinas.cl\/en\/parque-jardin-botanico-to-present-at-fau-of-universidad-de-chile\/#breadcrumb"},"inLanguage":"en-US","potentialAction":[{"@type":"ReadAction","target":["https:\/\/lassalinas.cl\/en\/parque-jardin-botanico-to-present-at-fau-of-universidad-de-chile\/"]}]},{"@type":"ImageObject","inLanguage":"en-US","@id":"https:\/\/lassalinas.cl\/en\/parque-jardin-botanico-to-present-at-fau-of-universidad-de-chile\/#primaryimage","url":"https:\/\/lassalinas.cl\/wp-content\/uploads\/2024\/10\/Afiche-Agora-Virtual-web2.avif","contentUrl":"https:\/\/lassalinas.cl\/wp-content\/uploads\/2024\/10\/Afiche-Agora-Virtual-web2.avif","width":741,"height":468},{"@type":"BreadcrumbList","@id":"https:\/\/lassalinas.cl\/en\/parque-jardin-botanico-to-present-at-fau-of-universidad-de-chile\/#breadcrumb","itemListElement":[{"@type":"ListItem","position":1,"name":"Portada","item":"https:\/\/lassalinas.cl\/en\/"},{"@type":"ListItem","position":2,"name":"Parque Jard\u00edn Bot\u00e1nico to present at FAU of Universidad de Chile"}]},{"@type":"WebSite","@id":"https:\/\/lassalinas.cl\/en\/#website","url":"https:\/\/lassalinas.cl\/en\/","name":"Las Salinas","description":"Impulsando un Vi\u00f1a del Mar m\u00e1s sustentable","potentialAction":[{"@type":"SearchAction","target":{"@type":"EntryPoint","urlTemplate":"https:\/\/lassalinas.cl\/en\/?s={search_term_string}"},"query-input":{"@type":"PropertyValueSpecification","valueRequired":true,"valueName":"search_term_string"}}],"inLanguage":"en-US"},{"@type":"Person","@id":"https:\/\/lassalinas.cl\/en\/#\/schema\/person\/2cb28f17281d978c10ff80bf255768a9","name":"test_n6zg78","sameAs":["https:\/\/lassalinas.cl"],"url":"https:\/\/lassalinas.cl\/en\/author\/test_n6zg78\/"}]}},"_links":{"self":[{"href":"https:\/\/lassalinas.cl\/en\/wp-json\/wp\/v2\/posts\/3797","targetHints":{"allow":["GET"]}}],"collection":[{"href":"https:\/\/lassalinas.cl\/en\/wp-json\/wp\/v2\/posts"}],"about":[{"href":"https:\/\/lassalinas.cl\/en\/wp-json\/wp\/v2\/types\/post"}],"author":[{"embeddable":true,"href":"https:\/\/lassalinas.cl\/en\/wp-json\/wp\/v2\/users\/1"}],"replies":[{"embeddable":true,"href":"https:\/\/lassalinas.cl\/en\/wp-json\/wp\/v2\/comments?post=3797"}],"version-history":[{"count":0,"href":"https:\/\/lassalinas.cl\/en\/wp-json\/wp\/v2\/posts\/3797\/revisions"}],"wp:featuredmedia":[{"embeddable":true,"href":"https:\/\/lassalinas.cl\/en\/wp-json\/wp\/v2\/media\/1066"}],"wp:attachment":[{"href":"https:\/\/lassalinas.cl\/en\/wp-json\/wp\/v2\/media?parent=3797"}],"wp:term":[{"taxonomy":"category","embeddable":true,"href":"https:\/\/lassalinas.cl\/en\/wp-json\/wp\/v2\/categories?post=3797"},{"taxonomy":"post_tag","embeddable":true,"href":"https:\/\/lassalinas.cl\/en\/wp-json\/wp\/v2\/tags?post=3797"}],"curies":[{"name":"wp","href":"https:\/\/api.w.org\/{rel}","templated":true}]}}