{"id":3804,"date":"2021-01-02T00:00:00","date_gmt":"2021-01-02T00:00:00","guid":{"rendered":"https:\/\/lassalinas.cl\/sin-categorizar\/6-oriente-in-the-words-of-esteban-undurraga\/"},"modified":"2021-01-02T00:00:00","modified_gmt":"2021-01-02T00:00:00","slug":"6-oriente-in-the-words-of-esteban-undurraga","status":"publish","type":"post","link":"https:\/\/lassalinas.cl\/en\/6-oriente-in-the-words-of-esteban-undurraga\/","title":{"rendered":"6 Oriente in the words of Esteban Undurraga"},"content":{"rendered":"<p>The 6 Oriente project seeks to generate the continuation of 15 Norte behind the Espacio Urbano shopping center and connect with the Alessandri ascent in Vi\u00f1a del Mar. This proposal dates from the time when the oil companies were still located in the sector and there was no certain prospect of urban development for Las Salinas. Thus, it is not correct when it is stated that the 6 Oriente project was designed to benefit Las Salinas, since &#8211; on the contrary &#8211; it harms the accessibility to the Las Salinas neighborhood and the integration of the neighbors with the waterfront through these lands. In other words, 6 Oriente breaks the connection between the hill and the sea, between Santa In\u00e9s and the coastline proposed by the Las Salinas project. Esteban Undurraga, Development Manager of Las Salinas, explains why the 6 Oriente project is negative for the future neighborhood and for the city in general. <\/p>\n\n","protected":false},"excerpt":{"rendered":"<p>The 6 Oriente project seeks to generate the continuation of 15 Norte behind the Espacio Urbano shopping center and connect with the Alessandri ascent in Vi\u00f1a del Mar. This proposal dates from the time when the oil companies were still located in the sector and there was no certain prospect of urban development for Las [&hellip;]<\/p>\n","protected":false},"author":1,"featured_media":1053,"comment_status":"closed","ping_status":"closed","sticky":false,"template":"","format":"standard","meta":{"footnotes":""},"categories":[82,87],"tags":[90],"class_list":["post-3804","post","type-post","status-publish","format-standard","has-post-thumbnail","hentry","category-publications-and-media","category-urban-process","tag-publications-and-media"],"yoast_head":"<!-- This site is optimized with the Yoast SEO plugin v27.3 - https:\/\/yoast.com\/product\/yoast-seo-wordpress\/ -->\n<title>6 Oriente in the words of Esteban Undurraga - Las Salinas<\/title>\n<meta name=\"description\" content=\"Descubre c\u00f3mo estamos recuperando un espacio emblem\u00e1tico para la ciudad a trav\u00e9s del saneamiento de suelos contaminados.\" \/>\n<meta name=\"robots\" content=\"index, follow, max-snippet:-1, max-image-preview:large, max-video-preview:-1\" \/>\n<link rel=\"canonical\" href=\"https:\/\/lassalinas.cl\/en\/6-oriente-in-the-words-of-esteban-undurraga\/\" \/>\n<meta property=\"og:locale\" content=\"en_US\" \/>\n<meta property=\"og:type\" content=\"article\" \/>\n<meta property=\"og:title\" content=\"6 Oriente in the words of Esteban Undurraga - Las Salinas\" \/>\n<meta property=\"og:description\" content=\"Descubre c\u00f3mo estamos recuperando un espacio emblem\u00e1tico para la ciudad a trav\u00e9s del saneamiento de suelos contaminados.\" \/>\n<meta property=\"og:url\" content=\"https:\/\/lassalinas.cl\/en\/6-oriente-in-the-words-of-esteban-undurraga\/\" \/>\n<meta property=\"og:site_name\" content=\"Las Salinas\" \/>\n<meta property=\"article:publisher\" content=\"https:\/\/web.facebook.com\/somoslassalinas\" \/>\n<meta property=\"article:published_time\" content=\"2021-01-02T00:00:00+00:00\" \/>\n<meta property=\"og:image\" content=\"https:\/\/lassalinas.cl\/wp-content\/uploads\/2024\/10\/Foto-EU.jpg\" \/>\n\t<meta property=\"og:image:width\" content=\"1\" \/>\n\t<meta property=\"og:image:height\" content=\"1\" \/>\n\t<meta property=\"og:image:type\" content=\"image\/jpeg\" \/>\n<meta name=\"author\" content=\"test_n6zg78\" \/>\n<meta name=\"twitter:card\" content=\"summary_large_image\" \/>\n<meta name=\"twitter:creator\" content=\"@SomosLasSalinas\" \/>\n<meta name=\"twitter:site\" content=\"@SomosLasSalinas\" \/>\n<meta name=\"twitter:label1\" content=\"Written by\" \/>\n\t<meta name=\"twitter:data1\" content=\"test_n6zg78\" \/>\n\t<meta name=\"twitter:label2\" content=\"Est. reading time\" \/>\n\t<meta name=\"twitter:data2\" content=\"1 minute\" \/>\n<script type=\"application\/ld+json\" class=\"yoast-schema-graph\">{\"@context\":\"https:\\\/\\\/schema.org\",\"@graph\":[{\"@type\":\"Article\",\"@id\":\"https:\\\/\\\/lassalinas.cl\\\/en\\\/6-oriente-in-the-words-of-esteban-undurraga\\\/#article\",\"isPartOf\":{\"@id\":\"https:\\\/\\\/lassalinas.cl\\\/en\\\/6-oriente-in-the-words-of-esteban-undurraga\\\/\"},\"author\":{\"name\":\"test_n6zg78\",\"@id\":\"https:\\\/\\\/lassalinas.cl\\\/en\\\/#\\\/schema\\\/person\\\/2cb28f17281d978c10ff80bf255768a9\"},\"headline\":\"6 Oriente in the words of Esteban Undurraga\",\"datePublished\":\"2021-01-02T00:00:00+00:00\",\"mainEntityOfPage\":{\"@id\":\"https:\\\/\\\/lassalinas.cl\\\/en\\\/6-oriente-in-the-words-of-esteban-undurraga\\\/\"},\"wordCount\":162,\"image\":{\"@id\":\"https:\\\/\\\/lassalinas.cl\\\/en\\\/6-oriente-in-the-words-of-esteban-undurraga\\\/#primaryimage\"},\"thumbnailUrl\":\"https:\\\/\\\/lassalinas.cl\\\/wp-content\\\/uploads\\\/2024\\\/10\\\/Foto-EU.avif\",\"keywords\":[\"Publications and media\"],\"articleSection\":[\"Publications and Media\",\"Urban process\"],\"inLanguage\":\"en-US\"},{\"@type\":[\"WebPage\",\"ItemPage\"],\"@id\":\"https:\\\/\\\/lassalinas.cl\\\/en\\\/6-oriente-in-the-words-of-esteban-undurraga\\\/\",\"url\":\"https:\\\/\\\/lassalinas.cl\\\/en\\\/6-oriente-in-the-words-of-esteban-undurraga\\\/\",\"name\":\"6 Oriente in the words of Esteban Undurraga - Las Salinas\",\"isPartOf\":{\"@id\":\"https:\\\/\\\/lassalinas.cl\\\/en\\\/#website\"},\"primaryImageOfPage\":{\"@id\":\"https:\\\/\\\/lassalinas.cl\\\/en\\\/6-oriente-in-the-words-of-esteban-undurraga\\\/#primaryimage\"},\"image\":{\"@id\":\"https:\\\/\\\/lassalinas.cl\\\/en\\\/6-oriente-in-the-words-of-esteban-undurraga\\\/#primaryimage\"},\"thumbnailUrl\":\"https:\\\/\\\/lassalinas.cl\\\/wp-content\\\/uploads\\\/2024\\\/10\\\/Foto-EU.avif\",\"datePublished\":\"2021-01-02T00:00:00+00:00\",\"author\":{\"@id\":\"https:\\\/\\\/lassalinas.cl\\\/en\\\/#\\\/schema\\\/person\\\/2cb28f17281d978c10ff80bf255768a9\"},\"description\":\"Descubre c\u00f3mo estamos recuperando un espacio emblem\u00e1tico para la ciudad a trav\u00e9s del saneamiento de suelos contaminados.\",\"breadcrumb\":{\"@id\":\"https:\\\/\\\/lassalinas.cl\\\/en\\\/6-oriente-in-the-words-of-esteban-undurraga\\\/#breadcrumb\"},\"inLanguage\":\"en-US\",\"potentialAction\":[{\"@type\":\"ReadAction\",\"target\":[\"https:\\\/\\\/lassalinas.cl\\\/en\\\/6-oriente-in-the-words-of-esteban-undurraga\\\/\"]}]},{\"@type\":\"ImageObject\",\"inLanguage\":\"en-US\",\"@id\":\"https:\\\/\\\/lassalinas.cl\\\/en\\\/6-oriente-in-the-words-of-esteban-undurraga\\\/#primaryimage\",\"url\":\"https:\\\/\\\/lassalinas.cl\\\/wp-content\\\/uploads\\\/2024\\\/10\\\/Foto-EU.avif\",\"contentUrl\":\"https:\\\/\\\/lassalinas.cl\\\/wp-content\\\/uploads\\\/2024\\\/10\\\/Foto-EU.avif\",\"width\":800,\"height\":451},{\"@type\":\"BreadcrumbList\",\"@id\":\"https:\\\/\\\/lassalinas.cl\\\/en\\\/6-oriente-in-the-words-of-esteban-undurraga\\\/#breadcrumb\",\"itemListElement\":[{\"@type\":\"ListItem\",\"position\":1,\"name\":\"Portada\",\"item\":\"https:\\\/\\\/lassalinas.cl\\\/en\\\/\"},{\"@type\":\"ListItem\",\"position\":2,\"name\":\"6 Oriente in the words of Esteban Undurraga\"}]},{\"@type\":\"WebSite\",\"@id\":\"https:\\\/\\\/lassalinas.cl\\\/en\\\/#website\",\"url\":\"https:\\\/\\\/lassalinas.cl\\\/en\\\/\",\"name\":\"Las Salinas\",\"description\":\"Impulsando un Vi\u00f1a del Mar m\u00e1s sustentable\",\"potentialAction\":[{\"@type\":\"SearchAction\",\"target\":{\"@type\":\"EntryPoint\",\"urlTemplate\":\"https:\\\/\\\/lassalinas.cl\\\/en\\\/?s={search_term_string}\"},\"query-input\":{\"@type\":\"PropertyValueSpecification\",\"valueRequired\":true,\"valueName\":\"search_term_string\"}}],\"inLanguage\":\"en-US\"},{\"@type\":\"Person\",\"@id\":\"https:\\\/\\\/lassalinas.cl\\\/en\\\/#\\\/schema\\\/person\\\/2cb28f17281d978c10ff80bf255768a9\",\"name\":\"test_n6zg78\",\"sameAs\":[\"https:\\\/\\\/lassalinas.cl\"],\"url\":\"https:\\\/\\\/lassalinas.cl\\\/en\\\/author\\\/test_n6zg78\\\/\"}]}<\/script>\n<!-- \/ Yoast SEO plugin. -->","yoast_head_json":{"title":"6 Oriente in the words of Esteban Undurraga - Las Salinas","description":"Descubre c\u00f3mo estamos recuperando un espacio emblem\u00e1tico para la ciudad a trav\u00e9s del saneamiento de suelos contaminados.","robots":{"index":"index","follow":"follow","max-snippet":"max-snippet:-1","max-image-preview":"max-image-preview:large","max-video-preview":"max-video-preview:-1"},"canonical":"https:\/\/lassalinas.cl\/en\/6-oriente-in-the-words-of-esteban-undurraga\/","og_locale":"en_US","og_type":"article","og_title":"6 Oriente in the words of Esteban Undurraga - Las Salinas","og_description":"Descubre c\u00f3mo estamos recuperando un espacio emblem\u00e1tico para la ciudad a trav\u00e9s del saneamiento de suelos contaminados.","og_url":"https:\/\/lassalinas.cl\/en\/6-oriente-in-the-words-of-esteban-undurraga\/","og_site_name":"Las Salinas","article_publisher":"https:\/\/web.facebook.com\/somoslassalinas","article_published_time":"2021-01-02T00:00:00+00:00","og_image":[{"url":"https:\/\/lassalinas.cl\/wp-content\/uploads\/2024\/10\/Foto-EU.jpg","width":1,"height":1,"type":"image\/jpeg"}],"author":"test_n6zg78","twitter_card":"summary_large_image","twitter_creator":"@SomosLasSalinas","twitter_site":"@SomosLasSalinas","twitter_misc":{"Written by":"test_n6zg78","Est. reading time":"1 minute"},"schema":{"@context":"https:\/\/schema.org","@graph":[{"@type":"Article","@id":"https:\/\/lassalinas.cl\/en\/6-oriente-in-the-words-of-esteban-undurraga\/#article","isPartOf":{"@id":"https:\/\/lassalinas.cl\/en\/6-oriente-in-the-words-of-esteban-undurraga\/"},"author":{"name":"test_n6zg78","@id":"https:\/\/lassalinas.cl\/en\/#\/schema\/person\/2cb28f17281d978c10ff80bf255768a9"},"headline":"6 Oriente in the words of Esteban Undurraga","datePublished":"2021-01-02T00:00:00+00:00","mainEntityOfPage":{"@id":"https:\/\/lassalinas.cl\/en\/6-oriente-in-the-words-of-esteban-undurraga\/"},"wordCount":162,"image":{"@id":"https:\/\/lassalinas.cl\/en\/6-oriente-in-the-words-of-esteban-undurraga\/#primaryimage"},"thumbnailUrl":"https:\/\/lassalinas.cl\/wp-content\/uploads\/2024\/10\/Foto-EU.avif","keywords":["Publications and media"],"articleSection":["Publications and Media","Urban process"],"inLanguage":"en-US"},{"@type":["WebPage","ItemPage"],"@id":"https:\/\/lassalinas.cl\/en\/6-oriente-in-the-words-of-esteban-undurraga\/","url":"https:\/\/lassalinas.cl\/en\/6-oriente-in-the-words-of-esteban-undurraga\/","name":"6 Oriente in the words of Esteban Undurraga - Las Salinas","isPartOf":{"@id":"https:\/\/lassalinas.cl\/en\/#website"},"primaryImageOfPage":{"@id":"https:\/\/lassalinas.cl\/en\/6-oriente-in-the-words-of-esteban-undurraga\/#primaryimage"},"image":{"@id":"https:\/\/lassalinas.cl\/en\/6-oriente-in-the-words-of-esteban-undurraga\/#primaryimage"},"thumbnailUrl":"https:\/\/lassalinas.cl\/wp-content\/uploads\/2024\/10\/Foto-EU.avif","datePublished":"2021-01-02T00:00:00+00:00","author":{"@id":"https:\/\/lassalinas.cl\/en\/#\/schema\/person\/2cb28f17281d978c10ff80bf255768a9"},"description":"Descubre c\u00f3mo estamos recuperando un espacio emblem\u00e1tico para la ciudad a trav\u00e9s del saneamiento de suelos contaminados.","breadcrumb":{"@id":"https:\/\/lassalinas.cl\/en\/6-oriente-in-the-words-of-esteban-undurraga\/#breadcrumb"},"inLanguage":"en-US","potentialAction":[{"@type":"ReadAction","target":["https:\/\/lassalinas.cl\/en\/6-oriente-in-the-words-of-esteban-undurraga\/"]}]},{"@type":"ImageObject","inLanguage":"en-US","@id":"https:\/\/lassalinas.cl\/en\/6-oriente-in-the-words-of-esteban-undurraga\/#primaryimage","url":"https:\/\/lassalinas.cl\/wp-content\/uploads\/2024\/10\/Foto-EU.avif","contentUrl":"https:\/\/lassalinas.cl\/wp-content\/uploads\/2024\/10\/Foto-EU.avif","width":800,"height":451},{"@type":"BreadcrumbList","@id":"https:\/\/lassalinas.cl\/en\/6-oriente-in-the-words-of-esteban-undurraga\/#breadcrumb","itemListElement":[{"@type":"ListItem","position":1,"name":"Portada","item":"https:\/\/lassalinas.cl\/en\/"},{"@type":"ListItem","position":2,"name":"6 Oriente in the words of Esteban Undurraga"}]},{"@type":"WebSite","@id":"https:\/\/lassalinas.cl\/en\/#website","url":"https:\/\/lassalinas.cl\/en\/","name":"Las Salinas","description":"Impulsando un Vi\u00f1a del Mar m\u00e1s sustentable","potentialAction":[{"@type":"SearchAction","target":{"@type":"EntryPoint","urlTemplate":"https:\/\/lassalinas.cl\/en\/?s={search_term_string}"},"query-input":{"@type":"PropertyValueSpecification","valueRequired":true,"valueName":"search_term_string"}}],"inLanguage":"en-US"},{"@type":"Person","@id":"https:\/\/lassalinas.cl\/en\/#\/schema\/person\/2cb28f17281d978c10ff80bf255768a9","name":"test_n6zg78","sameAs":["https:\/\/lassalinas.cl"],"url":"https:\/\/lassalinas.cl\/en\/author\/test_n6zg78\/"}]}},"_links":{"self":[{"href":"https:\/\/lassalinas.cl\/en\/wp-json\/wp\/v2\/posts\/3804","targetHints":{"allow":["GET"]}}],"collection":[{"href":"https:\/\/lassalinas.cl\/en\/wp-json\/wp\/v2\/posts"}],"about":[{"href":"https:\/\/lassalinas.cl\/en\/wp-json\/wp\/v2\/types\/post"}],"author":[{"embeddable":true,"href":"https:\/\/lassalinas.cl\/en\/wp-json\/wp\/v2\/users\/1"}],"replies":[{"embeddable":true,"href":"https:\/\/lassalinas.cl\/en\/wp-json\/wp\/v2\/comments?post=3804"}],"version-history":[{"count":0,"href":"https:\/\/lassalinas.cl\/en\/wp-json\/wp\/v2\/posts\/3804\/revisions"}],"wp:featuredmedia":[{"embeddable":true,"href":"https:\/\/lassalinas.cl\/en\/wp-json\/wp\/v2\/media\/1053"}],"wp:attachment":[{"href":"https:\/\/lassalinas.cl\/en\/wp-json\/wp\/v2\/media?parent=3804"}],"wp:term":[{"taxonomy":"category","embeddable":true,"href":"https:\/\/lassalinas.cl\/en\/wp-json\/wp\/v2\/categories?post=3804"},{"taxonomy":"post_tag","embeddable":true,"href":"https:\/\/lassalinas.cl\/en\/wp-json\/wp\/v2\/tags?post=3804"}],"curies":[{"name":"wp","href":"https:\/\/api.w.org\/{rel}","templated":true}]}}