{"id":3808,"date":"2020-04-13T00:00:00","date_gmt":"2020-04-13T00:00:00","guid":{"rendered":"https:\/\/lassalinas.cl\/sin-categorizar\/cnn-chiles-desafio-tierra-presents-special-episode-of-covid19-with-professor-michael-seeger\/"},"modified":"2020-04-13T00:00:00","modified_gmt":"2020-04-13T00:00:00","slug":"cnn-chiles-desafio-tierra-presents-special-episode-of-covid19-with-professor-michael-seeger","status":"publish","type":"post","link":"https:\/\/lassalinas.cl\/en\/cnn-chiles-desafio-tierra-presents-special-episode-of-covid19-with-professor-michael-seeger\/","title":{"rendered":"CNN Chile&#8217;s Desaf\u00edo Tierra presents special episode of COVID19 with Professor Michael Seeger"},"content":{"rendered":"<p>Biochemist and Doctor of Science, professor, participated as an expert in environmental microbiology, in the special episode of CNN Chile where he addressed the dangerous combination between atmospheric pollution and the spread of COVID19.<\/p>\n","protected":false},"excerpt":{"rendered":"<p>Biochemist and Doctor of Science, professor, participated as an expert in environmental microbiology, in the special episode of CNN Chile where he addressed the dangerous combination between atmospheric pollution and the spread of COVID19.<\/p>\n","protected":false},"author":1,"featured_media":1010,"comment_status":"closed","ping_status":"closed","sticky":false,"template":"","format":"standard","meta":{"footnotes":""},"categories":[82],"tags":[90],"class_list":["post-3808","post","type-post","status-publish","format-standard","has-post-thumbnail","hentry","category-publications-and-media","tag-publications-and-media"],"yoast_head":"<!-- This site is optimized with the Yoast SEO plugin v27.3 - https:\/\/yoast.com\/product\/yoast-seo-wordpress\/ -->\n<title>CNN Chile&#039;s Desaf\u00edo Tierra presents special episode of COVID19 with Professor Michael Seeger - Las Salinas<\/title>\n<meta name=\"description\" content=\"Descubre c\u00f3mo estamos recuperando un espacio emblem\u00e1tico para la ciudad a trav\u00e9s del saneamiento de suelos contaminados.\" \/>\n<meta name=\"robots\" content=\"index, follow, max-snippet:-1, max-image-preview:large, max-video-preview:-1\" \/>\n<link rel=\"canonical\" href=\"https:\/\/lassalinas.cl\/en\/cnn-chiles-desafio-tierra-presents-special-episode-of-covid19-with-professor-michael-seeger\/\" \/>\n<meta property=\"og:locale\" content=\"en_US\" \/>\n<meta property=\"og:type\" content=\"article\" \/>\n<meta property=\"og:title\" content=\"CNN Chile&#039;s Desaf\u00edo Tierra presents special episode of COVID19 with Professor Michael Seeger - Las Salinas\" \/>\n<meta property=\"og:description\" content=\"Descubre c\u00f3mo estamos recuperando un espacio emblem\u00e1tico para la ciudad a trav\u00e9s del saneamiento de suelos contaminados.\" \/>\n<meta property=\"og:url\" content=\"https:\/\/lassalinas.cl\/en\/cnn-chiles-desafio-tierra-presents-special-episode-of-covid19-with-professor-michael-seeger\/\" \/>\n<meta property=\"og:site_name\" content=\"Las Salinas\" \/>\n<meta property=\"article:publisher\" content=\"https:\/\/web.facebook.com\/somoslassalinas\" \/>\n<meta property=\"article:published_time\" content=\"2020-04-13T00:00:00+00:00\" \/>\n<meta property=\"og:image\" content=\"https:\/\/lassalinas.cl\/wp-content\/uploads\/2024\/10\/Captura-de-Pantalla-2020-04-14-a-las-22.04.28.png\" \/>\n\t<meta property=\"og:image:width\" content=\"1\" \/>\n\t<meta property=\"og:image:height\" content=\"1\" \/>\n\t<meta property=\"og:image:type\" content=\"image\/png\" \/>\n<meta name=\"author\" content=\"test_n6zg78\" \/>\n<meta name=\"twitter:card\" content=\"summary_large_image\" \/>\n<meta name=\"twitter:creator\" content=\"@SomosLasSalinas\" \/>\n<meta name=\"twitter:site\" content=\"@SomosLasSalinas\" \/>\n<meta name=\"twitter:label1\" content=\"Written by\" \/>\n\t<meta name=\"twitter:data1\" content=\"test_n6zg78\" \/>\n<script type=\"application\/ld+json\" class=\"yoast-schema-graph\">{\"@context\":\"https:\\\/\\\/schema.org\",\"@graph\":[{\"@type\":\"Article\",\"@id\":\"https:\\\/\\\/lassalinas.cl\\\/en\\\/cnn-chiles-desafio-tierra-presents-special-episode-of-covid19-with-professor-michael-seeger\\\/#article\",\"isPartOf\":{\"@id\":\"https:\\\/\\\/lassalinas.cl\\\/en\\\/cnn-chiles-desafio-tierra-presents-special-episode-of-covid19-with-professor-michael-seeger\\\/\"},\"author\":{\"name\":\"test_n6zg78\",\"@id\":\"https:\\\/\\\/lassalinas.cl\\\/en\\\/#\\\/schema\\\/person\\\/2cb28f17281d978c10ff80bf255768a9\"},\"headline\":\"CNN Chile&#8217;s Desaf\u00edo Tierra presents special episode of COVID19 with Professor Michael Seeger\",\"datePublished\":\"2020-04-13T00:00:00+00:00\",\"mainEntityOfPage\":{\"@id\":\"https:\\\/\\\/lassalinas.cl\\\/en\\\/cnn-chiles-desafio-tierra-presents-special-episode-of-covid19-with-professor-michael-seeger\\\/\"},\"wordCount\":49,\"image\":{\"@id\":\"https:\\\/\\\/lassalinas.cl\\\/en\\\/cnn-chiles-desafio-tierra-presents-special-episode-of-covid19-with-professor-michael-seeger\\\/#primaryimage\"},\"thumbnailUrl\":\"https:\\\/\\\/lassalinas.cl\\\/wp-content\\\/uploads\\\/2024\\\/10\\\/Captura-de-Pantalla-2020-04-14-a-las-22.04.28.avif\",\"keywords\":[\"Publications and media\"],\"articleSection\":[\"Publications and Media\"],\"inLanguage\":\"en-US\"},{\"@type\":[\"WebPage\",\"ItemPage\"],\"@id\":\"https:\\\/\\\/lassalinas.cl\\\/en\\\/cnn-chiles-desafio-tierra-presents-special-episode-of-covid19-with-professor-michael-seeger\\\/\",\"url\":\"https:\\\/\\\/lassalinas.cl\\\/en\\\/cnn-chiles-desafio-tierra-presents-special-episode-of-covid19-with-professor-michael-seeger\\\/\",\"name\":\"CNN Chile's Desaf\u00edo Tierra presents special episode of COVID19 with Professor Michael Seeger - Las Salinas\",\"isPartOf\":{\"@id\":\"https:\\\/\\\/lassalinas.cl\\\/en\\\/#website\"},\"primaryImageOfPage\":{\"@id\":\"https:\\\/\\\/lassalinas.cl\\\/en\\\/cnn-chiles-desafio-tierra-presents-special-episode-of-covid19-with-professor-michael-seeger\\\/#primaryimage\"},\"image\":{\"@id\":\"https:\\\/\\\/lassalinas.cl\\\/en\\\/cnn-chiles-desafio-tierra-presents-special-episode-of-covid19-with-professor-michael-seeger\\\/#primaryimage\"},\"thumbnailUrl\":\"https:\\\/\\\/lassalinas.cl\\\/wp-content\\\/uploads\\\/2024\\\/10\\\/Captura-de-Pantalla-2020-04-14-a-las-22.04.28.avif\",\"datePublished\":\"2020-04-13T00:00:00+00:00\",\"author\":{\"@id\":\"https:\\\/\\\/lassalinas.cl\\\/en\\\/#\\\/schema\\\/person\\\/2cb28f17281d978c10ff80bf255768a9\"},\"description\":\"Descubre c\u00f3mo estamos recuperando un espacio emblem\u00e1tico para la ciudad a trav\u00e9s del saneamiento de suelos contaminados.\",\"breadcrumb\":{\"@id\":\"https:\\\/\\\/lassalinas.cl\\\/en\\\/cnn-chiles-desafio-tierra-presents-special-episode-of-covid19-with-professor-michael-seeger\\\/#breadcrumb\"},\"inLanguage\":\"en-US\",\"potentialAction\":[{\"@type\":\"ReadAction\",\"target\":[\"https:\\\/\\\/lassalinas.cl\\\/en\\\/cnn-chiles-desafio-tierra-presents-special-episode-of-covid19-with-professor-michael-seeger\\\/\"]}]},{\"@type\":\"ImageObject\",\"inLanguage\":\"en-US\",\"@id\":\"https:\\\/\\\/lassalinas.cl\\\/en\\\/cnn-chiles-desafio-tierra-presents-special-episode-of-covid19-with-professor-michael-seeger\\\/#primaryimage\",\"url\":\"https:\\\/\\\/lassalinas.cl\\\/wp-content\\\/uploads\\\/2024\\\/10\\\/Captura-de-Pantalla-2020-04-14-a-las-22.04.28.avif\",\"contentUrl\":\"https:\\\/\\\/lassalinas.cl\\\/wp-content\\\/uploads\\\/2024\\\/10\\\/Captura-de-Pantalla-2020-04-14-a-las-22.04.28.avif\"},{\"@type\":\"BreadcrumbList\",\"@id\":\"https:\\\/\\\/lassalinas.cl\\\/en\\\/cnn-chiles-desafio-tierra-presents-special-episode-of-covid19-with-professor-michael-seeger\\\/#breadcrumb\",\"itemListElement\":[{\"@type\":\"ListItem\",\"position\":1,\"name\":\"Portada\",\"item\":\"https:\\\/\\\/lassalinas.cl\\\/en\\\/\"},{\"@type\":\"ListItem\",\"position\":2,\"name\":\"CNN Chile&#8217;s Desaf\u00edo Tierra presents special episode of COVID19 with Professor Michael Seeger\"}]},{\"@type\":\"WebSite\",\"@id\":\"https:\\\/\\\/lassalinas.cl\\\/en\\\/#website\",\"url\":\"https:\\\/\\\/lassalinas.cl\\\/en\\\/\",\"name\":\"Las Salinas\",\"description\":\"Impulsando un Vi\u00f1a del Mar m\u00e1s sustentable\",\"potentialAction\":[{\"@type\":\"SearchAction\",\"target\":{\"@type\":\"EntryPoint\",\"urlTemplate\":\"https:\\\/\\\/lassalinas.cl\\\/en\\\/?s={search_term_string}\"},\"query-input\":{\"@type\":\"PropertyValueSpecification\",\"valueRequired\":true,\"valueName\":\"search_term_string\"}}],\"inLanguage\":\"en-US\"},{\"@type\":\"Person\",\"@id\":\"https:\\\/\\\/lassalinas.cl\\\/en\\\/#\\\/schema\\\/person\\\/2cb28f17281d978c10ff80bf255768a9\",\"name\":\"test_n6zg78\",\"sameAs\":[\"https:\\\/\\\/lassalinas.cl\"],\"url\":\"https:\\\/\\\/lassalinas.cl\\\/en\\\/author\\\/test_n6zg78\\\/\"}]}<\/script>\n<!-- \/ Yoast SEO plugin. -->","yoast_head_json":{"title":"CNN Chile's Desaf\u00edo Tierra presents special episode of COVID19 with Professor Michael Seeger - Las Salinas","description":"Descubre c\u00f3mo estamos recuperando un espacio emblem\u00e1tico para la ciudad a trav\u00e9s del saneamiento de suelos contaminados.","robots":{"index":"index","follow":"follow","max-snippet":"max-snippet:-1","max-image-preview":"max-image-preview:large","max-video-preview":"max-video-preview:-1"},"canonical":"https:\/\/lassalinas.cl\/en\/cnn-chiles-desafio-tierra-presents-special-episode-of-covid19-with-professor-michael-seeger\/","og_locale":"en_US","og_type":"article","og_title":"CNN Chile's Desaf\u00edo Tierra presents special episode of COVID19 with Professor Michael Seeger - Las Salinas","og_description":"Descubre c\u00f3mo estamos recuperando un espacio emblem\u00e1tico para la ciudad a trav\u00e9s del saneamiento de suelos contaminados.","og_url":"https:\/\/lassalinas.cl\/en\/cnn-chiles-desafio-tierra-presents-special-episode-of-covid19-with-professor-michael-seeger\/","og_site_name":"Las Salinas","article_publisher":"https:\/\/web.facebook.com\/somoslassalinas","article_published_time":"2020-04-13T00:00:00+00:00","og_image":[{"url":"https:\/\/lassalinas.cl\/wp-content\/uploads\/2024\/10\/Captura-de-Pantalla-2020-04-14-a-las-22.04.28.png","width":1,"height":1,"type":"image\/png"}],"author":"test_n6zg78","twitter_card":"summary_large_image","twitter_creator":"@SomosLasSalinas","twitter_site":"@SomosLasSalinas","twitter_misc":{"Written by":"test_n6zg78"},"schema":{"@context":"https:\/\/schema.org","@graph":[{"@type":"Article","@id":"https:\/\/lassalinas.cl\/en\/cnn-chiles-desafio-tierra-presents-special-episode-of-covid19-with-professor-michael-seeger\/#article","isPartOf":{"@id":"https:\/\/lassalinas.cl\/en\/cnn-chiles-desafio-tierra-presents-special-episode-of-covid19-with-professor-michael-seeger\/"},"author":{"name":"test_n6zg78","@id":"https:\/\/lassalinas.cl\/en\/#\/schema\/person\/2cb28f17281d978c10ff80bf255768a9"},"headline":"CNN Chile&#8217;s Desaf\u00edo Tierra presents special episode of COVID19 with Professor Michael Seeger","datePublished":"2020-04-13T00:00:00+00:00","mainEntityOfPage":{"@id":"https:\/\/lassalinas.cl\/en\/cnn-chiles-desafio-tierra-presents-special-episode-of-covid19-with-professor-michael-seeger\/"},"wordCount":49,"image":{"@id":"https:\/\/lassalinas.cl\/en\/cnn-chiles-desafio-tierra-presents-special-episode-of-covid19-with-professor-michael-seeger\/#primaryimage"},"thumbnailUrl":"https:\/\/lassalinas.cl\/wp-content\/uploads\/2024\/10\/Captura-de-Pantalla-2020-04-14-a-las-22.04.28.avif","keywords":["Publications and media"],"articleSection":["Publications and Media"],"inLanguage":"en-US"},{"@type":["WebPage","ItemPage"],"@id":"https:\/\/lassalinas.cl\/en\/cnn-chiles-desafio-tierra-presents-special-episode-of-covid19-with-professor-michael-seeger\/","url":"https:\/\/lassalinas.cl\/en\/cnn-chiles-desafio-tierra-presents-special-episode-of-covid19-with-professor-michael-seeger\/","name":"CNN Chile's Desaf\u00edo Tierra presents special episode of COVID19 with Professor Michael Seeger - Las Salinas","isPartOf":{"@id":"https:\/\/lassalinas.cl\/en\/#website"},"primaryImageOfPage":{"@id":"https:\/\/lassalinas.cl\/en\/cnn-chiles-desafio-tierra-presents-special-episode-of-covid19-with-professor-michael-seeger\/#primaryimage"},"image":{"@id":"https:\/\/lassalinas.cl\/en\/cnn-chiles-desafio-tierra-presents-special-episode-of-covid19-with-professor-michael-seeger\/#primaryimage"},"thumbnailUrl":"https:\/\/lassalinas.cl\/wp-content\/uploads\/2024\/10\/Captura-de-Pantalla-2020-04-14-a-las-22.04.28.avif","datePublished":"2020-04-13T00:00:00+00:00","author":{"@id":"https:\/\/lassalinas.cl\/en\/#\/schema\/person\/2cb28f17281d978c10ff80bf255768a9"},"description":"Descubre c\u00f3mo estamos recuperando un espacio emblem\u00e1tico para la ciudad a trav\u00e9s del saneamiento de suelos contaminados.","breadcrumb":{"@id":"https:\/\/lassalinas.cl\/en\/cnn-chiles-desafio-tierra-presents-special-episode-of-covid19-with-professor-michael-seeger\/#breadcrumb"},"inLanguage":"en-US","potentialAction":[{"@type":"ReadAction","target":["https:\/\/lassalinas.cl\/en\/cnn-chiles-desafio-tierra-presents-special-episode-of-covid19-with-professor-michael-seeger\/"]}]},{"@type":"ImageObject","inLanguage":"en-US","@id":"https:\/\/lassalinas.cl\/en\/cnn-chiles-desafio-tierra-presents-special-episode-of-covid19-with-professor-michael-seeger\/#primaryimage","url":"https:\/\/lassalinas.cl\/wp-content\/uploads\/2024\/10\/Captura-de-Pantalla-2020-04-14-a-las-22.04.28.avif","contentUrl":"https:\/\/lassalinas.cl\/wp-content\/uploads\/2024\/10\/Captura-de-Pantalla-2020-04-14-a-las-22.04.28.avif"},{"@type":"BreadcrumbList","@id":"https:\/\/lassalinas.cl\/en\/cnn-chiles-desafio-tierra-presents-special-episode-of-covid19-with-professor-michael-seeger\/#breadcrumb","itemListElement":[{"@type":"ListItem","position":1,"name":"Portada","item":"https:\/\/lassalinas.cl\/en\/"},{"@type":"ListItem","position":2,"name":"CNN Chile&#8217;s Desaf\u00edo Tierra presents special episode of COVID19 with Professor Michael Seeger"}]},{"@type":"WebSite","@id":"https:\/\/lassalinas.cl\/en\/#website","url":"https:\/\/lassalinas.cl\/en\/","name":"Las Salinas","description":"Impulsando un Vi\u00f1a del Mar m\u00e1s sustentable","potentialAction":[{"@type":"SearchAction","target":{"@type":"EntryPoint","urlTemplate":"https:\/\/lassalinas.cl\/en\/?s={search_term_string}"},"query-input":{"@type":"PropertyValueSpecification","valueRequired":true,"valueName":"search_term_string"}}],"inLanguage":"en-US"},{"@type":"Person","@id":"https:\/\/lassalinas.cl\/en\/#\/schema\/person\/2cb28f17281d978c10ff80bf255768a9","name":"test_n6zg78","sameAs":["https:\/\/lassalinas.cl"],"url":"https:\/\/lassalinas.cl\/en\/author\/test_n6zg78\/"}]}},"_links":{"self":[{"href":"https:\/\/lassalinas.cl\/en\/wp-json\/wp\/v2\/posts\/3808","targetHints":{"allow":["GET"]}}],"collection":[{"href":"https:\/\/lassalinas.cl\/en\/wp-json\/wp\/v2\/posts"}],"about":[{"href":"https:\/\/lassalinas.cl\/en\/wp-json\/wp\/v2\/types\/post"}],"author":[{"embeddable":true,"href":"https:\/\/lassalinas.cl\/en\/wp-json\/wp\/v2\/users\/1"}],"replies":[{"embeddable":true,"href":"https:\/\/lassalinas.cl\/en\/wp-json\/wp\/v2\/comments?post=3808"}],"version-history":[{"count":0,"href":"https:\/\/lassalinas.cl\/en\/wp-json\/wp\/v2\/posts\/3808\/revisions"}],"wp:featuredmedia":[{"embeddable":true,"href":"https:\/\/lassalinas.cl\/en\/wp-json\/wp\/v2\/media\/1010"}],"wp:attachment":[{"href":"https:\/\/lassalinas.cl\/en\/wp-json\/wp\/v2\/media?parent=3808"}],"wp:term":[{"taxonomy":"category","embeddable":true,"href":"https:\/\/lassalinas.cl\/en\/wp-json\/wp\/v2\/categories?post=3808"},{"taxonomy":"post_tag","embeddable":true,"href":"https:\/\/lassalinas.cl\/en\/wp-json\/wp\/v2\/tags?post=3808"}],"curies":[{"name":"wp","href":"https:\/\/api.w.org\/{rel}","templated":true}]}}