{"id":3824,"date":"2020-06-19T00:00:00","date_gmt":"2020-06-19T00:00:00","guid":{"rendered":"https:\/\/lassalinas.cl\/sin-categorizar\/salvador-donghi-after-covid-nature-will-be-the-axis-of-urban-planning\/"},"modified":"2020-06-19T00:00:00","modified_gmt":"2020-06-19T00:00:00","slug":"salvador-donghi-after-covid-nature-will-be-the-axis-of-urban-planning","status":"publish","type":"post","link":"https:\/\/lassalinas.cl\/en\/salvador-donghi-after-covid-nature-will-be-the-axis-of-urban-planning\/","title":{"rendered":"Salvador Donghi &#8220;After COVID, nature will be the axis of urban planning&#8221;."},"content":{"rendered":"<p>In an article published in the newspaper La Estrella de Valpara\u00edso, PUCV biologist Salvador Donghi discusses the relationship between wild ecosystems and the well-being of people, since the immune system depends, in part, on moods and green areas help to better manage stress. Linking wild areas to cities through territorial planning will surely be one of the many lessons learned from the COVID-19 pandemic. And there is no doubt that what the coronavirus has brought with it goes beyond the strictly sanitary, it has also raised new ways of relating, which undoubtedly should be taken into account in all areas, including, logically, those related to urban planning. This is the view of Salvador Donghi, a biologist at the Pontificia Universidad Cat\u00f3lica de Valpara\u00edso, who says that the current situation surrounding the pandemic raises many questions and proposals regarding the future redesign of cities. &#8220;It has even been proposed that social distance should, in some way, be included in future urban planning. But they forget that only 0.01% of our evolutionary history has been around the modern era, and the rest of the history of the human species has been tied to natural environments. Our physiological functions &#8211; as a species &#8211; are better adapted to natural spaces than to metropolises and artificial environments, and these are the main causes of stress states in modern society,&#8221; he explains. .<\/p>\n","protected":false},"excerpt":{"rendered":"<p>In an article published in the newspaper La Estrella de Valpara\u00edso, PUCV biologist Salvador Donghi discusses the relationship between wild ecosystems and the well-being of people, since the immune system depends, in part, on moods and green areas help to better manage stress. Linking wild areas to cities through territorial planning will surely be one [&hellip;]<\/p>\n","protected":false},"author":1,"featured_media":1018,"comment_status":"closed","ping_status":"closed","sticky":false,"template":"","format":"standard","meta":{"footnotes":""},"categories":[82],"tags":[90],"class_list":["post-3824","post","type-post","status-publish","format-standard","has-post-thumbnail","hentry","category-publications-and-media","tag-publications-and-media"],"yoast_head":"<!-- This site is optimized with the Yoast SEO plugin v27.3 - https:\/\/yoast.com\/product\/yoast-seo-wordpress\/ -->\n<title>Salvador Donghi &quot;After COVID, nature will be the axis of urban planning&quot;. - Las Salinas<\/title>\n<meta name=\"description\" content=\"Descubre c\u00f3mo estamos recuperando un espacio emblem\u00e1tico para la ciudad a trav\u00e9s del saneamiento de suelos contaminados.\" \/>\n<meta name=\"robots\" content=\"index, follow, max-snippet:-1, max-image-preview:large, max-video-preview:-1\" \/>\n<link rel=\"canonical\" href=\"https:\/\/lassalinas.cl\/en\/salvador-donghi-after-covid-nature-will-be-the-axis-of-urban-planning\/\" \/>\n<meta property=\"og:locale\" content=\"en_US\" \/>\n<meta property=\"og:type\" content=\"article\" \/>\n<meta property=\"og:title\" content=\"Salvador Donghi &quot;After COVID, nature will be the axis of urban planning&quot;. - Las Salinas\" \/>\n<meta property=\"og:description\" content=\"Descubre c\u00f3mo estamos recuperando un espacio emblem\u00e1tico para la ciudad a trav\u00e9s del saneamiento de suelos contaminados.\" \/>\n<meta property=\"og:url\" content=\"https:\/\/lassalinas.cl\/en\/salvador-donghi-after-covid-nature-will-be-the-axis-of-urban-planning\/\" \/>\n<meta property=\"og:site_name\" content=\"Las Salinas\" \/>\n<meta property=\"article:publisher\" content=\"https:\/\/web.facebook.com\/somoslassalinas\" \/>\n<meta property=\"article:published_time\" content=\"2020-06-19T00:00:00+00:00\" \/>\n<meta property=\"og:image\" content=\"https:\/\/lassalinas.cl\/wp-content\/uploads\/2024\/10\/Salvador-Donghi-en-La-Estrella.jpeg\" \/>\n\t<meta property=\"og:image:width\" content=\"1\" \/>\n\t<meta property=\"og:image:height\" content=\"1\" \/>\n\t<meta property=\"og:image:type\" content=\"image\/jpeg\" \/>\n<meta name=\"author\" content=\"test_n6zg78\" \/>\n<meta name=\"twitter:card\" content=\"summary_large_image\" \/>\n<meta name=\"twitter:creator\" content=\"@SomosLasSalinas\" \/>\n<meta name=\"twitter:site\" content=\"@SomosLasSalinas\" \/>\n<meta name=\"twitter:label1\" content=\"Written by\" \/>\n\t<meta name=\"twitter:data1\" content=\"test_n6zg78\" \/>\n\t<meta name=\"twitter:label2\" content=\"Est. reading time\" \/>\n\t<meta name=\"twitter:data2\" content=\"1 minute\" \/>\n<script type=\"application\/ld+json\" class=\"yoast-schema-graph\">{\"@context\":\"https:\\\/\\\/schema.org\",\"@graph\":[{\"@type\":\"Article\",\"@id\":\"https:\\\/\\\/lassalinas.cl\\\/en\\\/salvador-donghi-after-covid-nature-will-be-the-axis-of-urban-planning\\\/#article\",\"isPartOf\":{\"@id\":\"https:\\\/\\\/lassalinas.cl\\\/en\\\/salvador-donghi-after-covid-nature-will-be-the-axis-of-urban-planning\\\/\"},\"author\":{\"name\":\"test_n6zg78\",\"@id\":\"https:\\\/\\\/lassalinas.cl\\\/en\\\/#\\\/schema\\\/person\\\/2cb28f17281d978c10ff80bf255768a9\"},\"headline\":\"Salvador Donghi &#8220;After COVID, nature will be the axis of urban planning&#8221;.\",\"datePublished\":\"2020-06-19T00:00:00+00:00\",\"mainEntityOfPage\":{\"@id\":\"https:\\\/\\\/lassalinas.cl\\\/en\\\/salvador-donghi-after-covid-nature-will-be-the-axis-of-urban-planning\\\/\"},\"wordCount\":241,\"image\":{\"@id\":\"https:\\\/\\\/lassalinas.cl\\\/en\\\/salvador-donghi-after-covid-nature-will-be-the-axis-of-urban-planning\\\/#primaryimage\"},\"thumbnailUrl\":\"https:\\\/\\\/lassalinas.cl\\\/wp-content\\\/uploads\\\/2024\\\/10\\\/Salvador-Donghi-en-La-Estrella.avif\",\"keywords\":[\"Publications and media\"],\"articleSection\":[\"Publications and Media\"],\"inLanguage\":\"en-US\"},{\"@type\":[\"WebPage\",\"ItemPage\"],\"@id\":\"https:\\\/\\\/lassalinas.cl\\\/en\\\/salvador-donghi-after-covid-nature-will-be-the-axis-of-urban-planning\\\/\",\"url\":\"https:\\\/\\\/lassalinas.cl\\\/en\\\/salvador-donghi-after-covid-nature-will-be-the-axis-of-urban-planning\\\/\",\"name\":\"Salvador Donghi \\\"After COVID, nature will be the axis of urban planning\\\". - Las Salinas\",\"isPartOf\":{\"@id\":\"https:\\\/\\\/lassalinas.cl\\\/en\\\/#website\"},\"primaryImageOfPage\":{\"@id\":\"https:\\\/\\\/lassalinas.cl\\\/en\\\/salvador-donghi-after-covid-nature-will-be-the-axis-of-urban-planning\\\/#primaryimage\"},\"image\":{\"@id\":\"https:\\\/\\\/lassalinas.cl\\\/en\\\/salvador-donghi-after-covid-nature-will-be-the-axis-of-urban-planning\\\/#primaryimage\"},\"thumbnailUrl\":\"https:\\\/\\\/lassalinas.cl\\\/wp-content\\\/uploads\\\/2024\\\/10\\\/Salvador-Donghi-en-La-Estrella.avif\",\"datePublished\":\"2020-06-19T00:00:00+00:00\",\"author\":{\"@id\":\"https:\\\/\\\/lassalinas.cl\\\/en\\\/#\\\/schema\\\/person\\\/2cb28f17281d978c10ff80bf255768a9\"},\"description\":\"Descubre c\u00f3mo estamos recuperando un espacio emblem\u00e1tico para la ciudad a trav\u00e9s del saneamiento de suelos contaminados.\",\"breadcrumb\":{\"@id\":\"https:\\\/\\\/lassalinas.cl\\\/en\\\/salvador-donghi-after-covid-nature-will-be-the-axis-of-urban-planning\\\/#breadcrumb\"},\"inLanguage\":\"en-US\",\"potentialAction\":[{\"@type\":\"ReadAction\",\"target\":[\"https:\\\/\\\/lassalinas.cl\\\/en\\\/salvador-donghi-after-covid-nature-will-be-the-axis-of-urban-planning\\\/\"]}]},{\"@type\":\"ImageObject\",\"inLanguage\":\"en-US\",\"@id\":\"https:\\\/\\\/lassalinas.cl\\\/en\\\/salvador-donghi-after-covid-nature-will-be-the-axis-of-urban-planning\\\/#primaryimage\",\"url\":\"https:\\\/\\\/lassalinas.cl\\\/wp-content\\\/uploads\\\/2024\\\/10\\\/Salvador-Donghi-en-La-Estrella.avif\",\"contentUrl\":\"https:\\\/\\\/lassalinas.cl\\\/wp-content\\\/uploads\\\/2024\\\/10\\\/Salvador-Donghi-en-La-Estrella.avif\",\"width\":920,\"height\":791},{\"@type\":\"BreadcrumbList\",\"@id\":\"https:\\\/\\\/lassalinas.cl\\\/en\\\/salvador-donghi-after-covid-nature-will-be-the-axis-of-urban-planning\\\/#breadcrumb\",\"itemListElement\":[{\"@type\":\"ListItem\",\"position\":1,\"name\":\"Portada\",\"item\":\"https:\\\/\\\/lassalinas.cl\\\/en\\\/\"},{\"@type\":\"ListItem\",\"position\":2,\"name\":\"Salvador Donghi &#8220;After COVID, nature will be the axis of urban planning&#8221;.\"}]},{\"@type\":\"WebSite\",\"@id\":\"https:\\\/\\\/lassalinas.cl\\\/en\\\/#website\",\"url\":\"https:\\\/\\\/lassalinas.cl\\\/en\\\/\",\"name\":\"Las Salinas\",\"description\":\"Impulsando un Vi\u00f1a del Mar m\u00e1s sustentable\",\"potentialAction\":[{\"@type\":\"SearchAction\",\"target\":{\"@type\":\"EntryPoint\",\"urlTemplate\":\"https:\\\/\\\/lassalinas.cl\\\/en\\\/?s={search_term_string}\"},\"query-input\":{\"@type\":\"PropertyValueSpecification\",\"valueRequired\":true,\"valueName\":\"search_term_string\"}}],\"inLanguage\":\"en-US\"},{\"@type\":\"Person\",\"@id\":\"https:\\\/\\\/lassalinas.cl\\\/en\\\/#\\\/schema\\\/person\\\/2cb28f17281d978c10ff80bf255768a9\",\"name\":\"test_n6zg78\",\"sameAs\":[\"https:\\\/\\\/lassalinas.cl\"],\"url\":\"https:\\\/\\\/lassalinas.cl\\\/en\\\/author\\\/test_n6zg78\\\/\"}]}<\/script>\n<!-- \/ Yoast SEO plugin. -->","yoast_head_json":{"title":"Salvador Donghi \"After COVID, nature will be the axis of urban planning\". - Las Salinas","description":"Descubre c\u00f3mo estamos recuperando un espacio emblem\u00e1tico para la ciudad a trav\u00e9s del saneamiento de suelos contaminados.","robots":{"index":"index","follow":"follow","max-snippet":"max-snippet:-1","max-image-preview":"max-image-preview:large","max-video-preview":"max-video-preview:-1"},"canonical":"https:\/\/lassalinas.cl\/en\/salvador-donghi-after-covid-nature-will-be-the-axis-of-urban-planning\/","og_locale":"en_US","og_type":"article","og_title":"Salvador Donghi \"After COVID, nature will be the axis of urban planning\". - Las Salinas","og_description":"Descubre c\u00f3mo estamos recuperando un espacio emblem\u00e1tico para la ciudad a trav\u00e9s del saneamiento de suelos contaminados.","og_url":"https:\/\/lassalinas.cl\/en\/salvador-donghi-after-covid-nature-will-be-the-axis-of-urban-planning\/","og_site_name":"Las Salinas","article_publisher":"https:\/\/web.facebook.com\/somoslassalinas","article_published_time":"2020-06-19T00:00:00+00:00","og_image":[{"url":"https:\/\/lassalinas.cl\/wp-content\/uploads\/2024\/10\/Salvador-Donghi-en-La-Estrella.jpeg","width":1,"height":1,"type":"image\/jpeg"}],"author":"test_n6zg78","twitter_card":"summary_large_image","twitter_creator":"@SomosLasSalinas","twitter_site":"@SomosLasSalinas","twitter_misc":{"Written by":"test_n6zg78","Est. reading time":"1 minute"},"schema":{"@context":"https:\/\/schema.org","@graph":[{"@type":"Article","@id":"https:\/\/lassalinas.cl\/en\/salvador-donghi-after-covid-nature-will-be-the-axis-of-urban-planning\/#article","isPartOf":{"@id":"https:\/\/lassalinas.cl\/en\/salvador-donghi-after-covid-nature-will-be-the-axis-of-urban-planning\/"},"author":{"name":"test_n6zg78","@id":"https:\/\/lassalinas.cl\/en\/#\/schema\/person\/2cb28f17281d978c10ff80bf255768a9"},"headline":"Salvador Donghi &#8220;After COVID, nature will be the axis of urban planning&#8221;.","datePublished":"2020-06-19T00:00:00+00:00","mainEntityOfPage":{"@id":"https:\/\/lassalinas.cl\/en\/salvador-donghi-after-covid-nature-will-be-the-axis-of-urban-planning\/"},"wordCount":241,"image":{"@id":"https:\/\/lassalinas.cl\/en\/salvador-donghi-after-covid-nature-will-be-the-axis-of-urban-planning\/#primaryimage"},"thumbnailUrl":"https:\/\/lassalinas.cl\/wp-content\/uploads\/2024\/10\/Salvador-Donghi-en-La-Estrella.avif","keywords":["Publications and media"],"articleSection":["Publications and Media"],"inLanguage":"en-US"},{"@type":["WebPage","ItemPage"],"@id":"https:\/\/lassalinas.cl\/en\/salvador-donghi-after-covid-nature-will-be-the-axis-of-urban-planning\/","url":"https:\/\/lassalinas.cl\/en\/salvador-donghi-after-covid-nature-will-be-the-axis-of-urban-planning\/","name":"Salvador Donghi \"After COVID, nature will be the axis of urban planning\". - Las Salinas","isPartOf":{"@id":"https:\/\/lassalinas.cl\/en\/#website"},"primaryImageOfPage":{"@id":"https:\/\/lassalinas.cl\/en\/salvador-donghi-after-covid-nature-will-be-the-axis-of-urban-planning\/#primaryimage"},"image":{"@id":"https:\/\/lassalinas.cl\/en\/salvador-donghi-after-covid-nature-will-be-the-axis-of-urban-planning\/#primaryimage"},"thumbnailUrl":"https:\/\/lassalinas.cl\/wp-content\/uploads\/2024\/10\/Salvador-Donghi-en-La-Estrella.avif","datePublished":"2020-06-19T00:00:00+00:00","author":{"@id":"https:\/\/lassalinas.cl\/en\/#\/schema\/person\/2cb28f17281d978c10ff80bf255768a9"},"description":"Descubre c\u00f3mo estamos recuperando un espacio emblem\u00e1tico para la ciudad a trav\u00e9s del saneamiento de suelos contaminados.","breadcrumb":{"@id":"https:\/\/lassalinas.cl\/en\/salvador-donghi-after-covid-nature-will-be-the-axis-of-urban-planning\/#breadcrumb"},"inLanguage":"en-US","potentialAction":[{"@type":"ReadAction","target":["https:\/\/lassalinas.cl\/en\/salvador-donghi-after-covid-nature-will-be-the-axis-of-urban-planning\/"]}]},{"@type":"ImageObject","inLanguage":"en-US","@id":"https:\/\/lassalinas.cl\/en\/salvador-donghi-after-covid-nature-will-be-the-axis-of-urban-planning\/#primaryimage","url":"https:\/\/lassalinas.cl\/wp-content\/uploads\/2024\/10\/Salvador-Donghi-en-La-Estrella.avif","contentUrl":"https:\/\/lassalinas.cl\/wp-content\/uploads\/2024\/10\/Salvador-Donghi-en-La-Estrella.avif","width":920,"height":791},{"@type":"BreadcrumbList","@id":"https:\/\/lassalinas.cl\/en\/salvador-donghi-after-covid-nature-will-be-the-axis-of-urban-planning\/#breadcrumb","itemListElement":[{"@type":"ListItem","position":1,"name":"Portada","item":"https:\/\/lassalinas.cl\/en\/"},{"@type":"ListItem","position":2,"name":"Salvador Donghi &#8220;After COVID, nature will be the axis of urban planning&#8221;."}]},{"@type":"WebSite","@id":"https:\/\/lassalinas.cl\/en\/#website","url":"https:\/\/lassalinas.cl\/en\/","name":"Las Salinas","description":"Impulsando un Vi\u00f1a del Mar m\u00e1s sustentable","potentialAction":[{"@type":"SearchAction","target":{"@type":"EntryPoint","urlTemplate":"https:\/\/lassalinas.cl\/en\/?s={search_term_string}"},"query-input":{"@type":"PropertyValueSpecification","valueRequired":true,"valueName":"search_term_string"}}],"inLanguage":"en-US"},{"@type":"Person","@id":"https:\/\/lassalinas.cl\/en\/#\/schema\/person\/2cb28f17281d978c10ff80bf255768a9","name":"test_n6zg78","sameAs":["https:\/\/lassalinas.cl"],"url":"https:\/\/lassalinas.cl\/en\/author\/test_n6zg78\/"}]}},"_links":{"self":[{"href":"https:\/\/lassalinas.cl\/en\/wp-json\/wp\/v2\/posts\/3824","targetHints":{"allow":["GET"]}}],"collection":[{"href":"https:\/\/lassalinas.cl\/en\/wp-json\/wp\/v2\/posts"}],"about":[{"href":"https:\/\/lassalinas.cl\/en\/wp-json\/wp\/v2\/types\/post"}],"author":[{"embeddable":true,"href":"https:\/\/lassalinas.cl\/en\/wp-json\/wp\/v2\/users\/1"}],"replies":[{"embeddable":true,"href":"https:\/\/lassalinas.cl\/en\/wp-json\/wp\/v2\/comments?post=3824"}],"version-history":[{"count":0,"href":"https:\/\/lassalinas.cl\/en\/wp-json\/wp\/v2\/posts\/3824\/revisions"}],"wp:featuredmedia":[{"embeddable":true,"href":"https:\/\/lassalinas.cl\/en\/wp-json\/wp\/v2\/media\/1018"}],"wp:attachment":[{"href":"https:\/\/lassalinas.cl\/en\/wp-json\/wp\/v2\/media?parent=3824"}],"wp:term":[{"taxonomy":"category","embeddable":true,"href":"https:\/\/lassalinas.cl\/en\/wp-json\/wp\/v2\/categories?post=3824"},{"taxonomy":"post_tag","embeddable":true,"href":"https:\/\/lassalinas.cl\/en\/wp-json\/wp\/v2\/tags?post=3824"}],"curies":[{"name":"wp","href":"https:\/\/api.w.org\/{rel}","templated":true}]}}