{"id":3835,"date":"2020-09-30T00:00:00","date_gmt":"2020-09-30T00:00:00","guid":{"rendered":"https:\/\/lassalinas.cl\/sin-categorizar\/las-salinas-presents-two-new-projects-to-improve-the-quality-of-public-space-in-vina-del-mar\/"},"modified":"2020-09-30T00:00:00","modified_gmt":"2020-09-30T00:00:00","slug":"las-salinas-presents-two-new-projects-to-improve-the-quality-of-public-space-in-vina-del-mar","status":"publish","type":"post","link":"https:\/\/lassalinas.cl\/en\/las-salinas-presents-two-new-projects-to-improve-the-quality-of-public-space-in-vina-del-mar\/","title":{"rendered":"Las Salinas presents two new projects to improve the quality of public space in Vi\u00f1a del Mar"},"content":{"rendered":"<p>One of the fundamental principles of the project is the quantity and quality of its public spaces: . All within the framework of the natural extension of Libertad Avenue to the north, in addition to the reinforcement of the territorial integration of the Santa In\u00e9s neighborhood with the coastline through the Las Salinas neighborhood. With this vision, in Las Salinas we have initiated the development of two public space improvement projects in the upper part of the site: . You can see all the details in the section of our website, and here is a summary. The project seeks to reverse the current condition of deterioration of the 19 North descent and thus propose a new pedestrian walkway focused on universal accessibility and inserted in a . We seek to recover this descent to be the basis of pedestrian connection from the Santa In\u00e9s Community to the Las Salinas neighborhood and the coastal edge, also meeting the evacuation criteria in case of tsunami established for the sector. The sector&#8217;s landscape was fundamental to the proposal. In addition to the selection of species typical of the biological identity of the city of Vi\u00f1a del Mar, the pedestrian proposal is sensitive to the recovery of the soil and its rainwater infiltration processes. The safety of the site was also a key component in the design. The correct lighting of the space to generate a safe environment 24 hours a day is an element of value widely supported by the community. In line with the Paseo 19 Norte project, this proposal seeks to reinforce the pedestrian character and its role as access to public transportation at the intersection of 21 Norte and Camino Internacional (Av. Alessandri). The main focus of the proposal is the formalization of pedestrian services, starting with the establishment of a safe and level crosswalk that connects the Santa In\u00e9s neighborhood with the west side of Camino Internacional and the access to Paseo 19 Norte. The role of this place in terms of access to public transportation is one of the key factors of the proposal: to generate a safe and ample stopping space for both buses going to Vi\u00f1a and buses that want to return north. The landscaping proposal also plays a fundamental role for the sector, giving continuity to the selection of species that are being worked on for the area, but at the same time, providing a pleasant space for pedestrians who want to enjoy the place.  <\/p>\n","protected":false},"excerpt":{"rendered":"<p>One of the fundamental principles of the project is the quantity and quality of its public spaces: . All within the framework of the natural extension of Libertad Avenue to the north, in addition to the reinforcement of the territorial integration of the Santa In\u00e9s neighborhood with the coastline through the Las Salinas neighborhood. With [&hellip;]<\/p>\n","protected":false},"author":1,"featured_media":1037,"comment_status":"closed","ping_status":"closed","sticky":false,"template":"","format":"standard","meta":{"footnotes":""},"categories":[82,87,84],"tags":[90],"class_list":["post-3835","post","type-post","status-publish","format-standard","has-post-thumbnail","hentry","category-publications-and-media","category-urban-process","category-we","tag-publications-and-media"],"yoast_head":"<!-- This site is optimized with the Yoast SEO plugin v27.3 - https:\/\/yoast.com\/product\/yoast-seo-wordpress\/ -->\n<title>Las Salinas presents two new projects to improve the quality of public space in Vi\u00f1a del Mar - Las Salinas<\/title>\n<meta name=\"description\" content=\"Descubre c\u00f3mo estamos recuperando un espacio emblem\u00e1tico para la ciudad a trav\u00e9s del saneamiento de suelos contaminados.\" \/>\n<meta name=\"robots\" content=\"index, follow, max-snippet:-1, max-image-preview:large, max-video-preview:-1\" \/>\n<link rel=\"canonical\" href=\"https:\/\/lassalinas.cl\/en\/las-salinas-presents-two-new-projects-to-improve-the-quality-of-public-space-in-vina-del-mar\/\" \/>\n<meta property=\"og:locale\" content=\"en_US\" \/>\n<meta property=\"og:type\" content=\"article\" \/>\n<meta property=\"og:title\" content=\"Las Salinas presents two new projects to improve the quality of public space in Vi\u00f1a del Mar - Las Salinas\" \/>\n<meta property=\"og:description\" content=\"Descubre c\u00f3mo estamos recuperando un espacio emblem\u00e1tico para la ciudad a trav\u00e9s del saneamiento de suelos contaminados.\" \/>\n<meta property=\"og:url\" content=\"https:\/\/lassalinas.cl\/en\/las-salinas-presents-two-new-projects-to-improve-the-quality-of-public-space-in-vina-del-mar\/\" \/>\n<meta property=\"og:site_name\" content=\"Las Salinas\" \/>\n<meta property=\"article:publisher\" content=\"https:\/\/web.facebook.com\/somoslassalinas\" \/>\n<meta property=\"article:published_time\" content=\"2020-09-30T00:00:00+00:00\" \/>\n<meta property=\"og:image\" content=\"https:\/\/lassalinas.cl\/wp-content\/uploads\/2024\/10\/R05.jpg\" \/>\n\t<meta property=\"og:image:width\" content=\"1\" \/>\n\t<meta property=\"og:image:height\" content=\"1\" \/>\n\t<meta property=\"og:image:type\" content=\"image\/jpeg\" \/>\n<meta name=\"author\" content=\"test_n6zg78\" \/>\n<meta name=\"twitter:card\" content=\"summary_large_image\" \/>\n<meta name=\"twitter:creator\" content=\"@SomosLasSalinas\" \/>\n<meta name=\"twitter:site\" content=\"@SomosLasSalinas\" \/>\n<meta name=\"twitter:label1\" content=\"Written by\" \/>\n\t<meta name=\"twitter:data1\" content=\"test_n6zg78\" \/>\n\t<meta name=\"twitter:label2\" content=\"Est. reading time\" \/>\n\t<meta name=\"twitter:data2\" content=\"2 minutes\" \/>\n<script type=\"application\/ld+json\" class=\"yoast-schema-graph\">{\"@context\":\"https:\\\/\\\/schema.org\",\"@graph\":[{\"@type\":\"Article\",\"@id\":\"https:\\\/\\\/lassalinas.cl\\\/en\\\/las-salinas-presents-two-new-projects-to-improve-the-quality-of-public-space-in-vina-del-mar\\\/#article\",\"isPartOf\":{\"@id\":\"https:\\\/\\\/lassalinas.cl\\\/en\\\/las-salinas-presents-two-new-projects-to-improve-the-quality-of-public-space-in-vina-del-mar\\\/\"},\"author\":{\"name\":\"test_n6zg78\",\"@id\":\"https:\\\/\\\/lassalinas.cl\\\/en\\\/#\\\/schema\\\/person\\\/2cb28f17281d978c10ff80bf255768a9\"},\"headline\":\"Las Salinas presents two new projects to improve the quality of public space in Vi\u00f1a del Mar\",\"datePublished\":\"2020-09-30T00:00:00+00:00\",\"mainEntityOfPage\":{\"@id\":\"https:\\\/\\\/lassalinas.cl\\\/en\\\/las-salinas-presents-two-new-projects-to-improve-the-quality-of-public-space-in-vina-del-mar\\\/\"},\"wordCount\":426,\"image\":{\"@id\":\"https:\\\/\\\/lassalinas.cl\\\/en\\\/las-salinas-presents-two-new-projects-to-improve-the-quality-of-public-space-in-vina-del-mar\\\/#primaryimage\"},\"thumbnailUrl\":\"https:\\\/\\\/lassalinas.cl\\\/wp-content\\\/uploads\\\/2024\\\/10\\\/R05.avif\",\"keywords\":[\"Publications and media\"],\"articleSection\":[\"Publications and Media\",\"Urban process\",\"We\"],\"inLanguage\":\"en-US\"},{\"@type\":[\"WebPage\",\"ItemPage\"],\"@id\":\"https:\\\/\\\/lassalinas.cl\\\/en\\\/las-salinas-presents-two-new-projects-to-improve-the-quality-of-public-space-in-vina-del-mar\\\/\",\"url\":\"https:\\\/\\\/lassalinas.cl\\\/en\\\/las-salinas-presents-two-new-projects-to-improve-the-quality-of-public-space-in-vina-del-mar\\\/\",\"name\":\"Las Salinas presents two new projects to improve the quality of public space in Vi\u00f1a del Mar - Las Salinas\",\"isPartOf\":{\"@id\":\"https:\\\/\\\/lassalinas.cl\\\/en\\\/#website\"},\"primaryImageOfPage\":{\"@id\":\"https:\\\/\\\/lassalinas.cl\\\/en\\\/las-salinas-presents-two-new-projects-to-improve-the-quality-of-public-space-in-vina-del-mar\\\/#primaryimage\"},\"image\":{\"@id\":\"https:\\\/\\\/lassalinas.cl\\\/en\\\/las-salinas-presents-two-new-projects-to-improve-the-quality-of-public-space-in-vina-del-mar\\\/#primaryimage\"},\"thumbnailUrl\":\"https:\\\/\\\/lassalinas.cl\\\/wp-content\\\/uploads\\\/2024\\\/10\\\/R05.avif\",\"datePublished\":\"2020-09-30T00:00:00+00:00\",\"author\":{\"@id\":\"https:\\\/\\\/lassalinas.cl\\\/en\\\/#\\\/schema\\\/person\\\/2cb28f17281d978c10ff80bf255768a9\"},\"description\":\"Descubre c\u00f3mo estamos recuperando un espacio emblem\u00e1tico para la ciudad a trav\u00e9s del saneamiento de suelos contaminados.\",\"breadcrumb\":{\"@id\":\"https:\\\/\\\/lassalinas.cl\\\/en\\\/las-salinas-presents-two-new-projects-to-improve-the-quality-of-public-space-in-vina-del-mar\\\/#breadcrumb\"},\"inLanguage\":\"en-US\",\"potentialAction\":[{\"@type\":\"ReadAction\",\"target\":[\"https:\\\/\\\/lassalinas.cl\\\/en\\\/las-salinas-presents-two-new-projects-to-improve-the-quality-of-public-space-in-vina-del-mar\\\/\"]}]},{\"@type\":\"ImageObject\",\"inLanguage\":\"en-US\",\"@id\":\"https:\\\/\\\/lassalinas.cl\\\/en\\\/las-salinas-presents-two-new-projects-to-improve-the-quality-of-public-space-in-vina-del-mar\\\/#primaryimage\",\"url\":\"https:\\\/\\\/lassalinas.cl\\\/wp-content\\\/uploads\\\/2024\\\/10\\\/R05.avif\",\"contentUrl\":\"https:\\\/\\\/lassalinas.cl\\\/wp-content\\\/uploads\\\/2024\\\/10\\\/R05.avif\",\"width\":1280,\"height\":720},{\"@type\":\"BreadcrumbList\",\"@id\":\"https:\\\/\\\/lassalinas.cl\\\/en\\\/las-salinas-presents-two-new-projects-to-improve-the-quality-of-public-space-in-vina-del-mar\\\/#breadcrumb\",\"itemListElement\":[{\"@type\":\"ListItem\",\"position\":1,\"name\":\"Portada\",\"item\":\"https:\\\/\\\/lassalinas.cl\\\/en\\\/\"},{\"@type\":\"ListItem\",\"position\":2,\"name\":\"Las Salinas presents two new projects to improve the quality of public space in Vi\u00f1a del Mar\"}]},{\"@type\":\"WebSite\",\"@id\":\"https:\\\/\\\/lassalinas.cl\\\/en\\\/#website\",\"url\":\"https:\\\/\\\/lassalinas.cl\\\/en\\\/\",\"name\":\"Las Salinas\",\"description\":\"Impulsando un Vi\u00f1a del Mar m\u00e1s sustentable\",\"potentialAction\":[{\"@type\":\"SearchAction\",\"target\":{\"@type\":\"EntryPoint\",\"urlTemplate\":\"https:\\\/\\\/lassalinas.cl\\\/en\\\/?s={search_term_string}\"},\"query-input\":{\"@type\":\"PropertyValueSpecification\",\"valueRequired\":true,\"valueName\":\"search_term_string\"}}],\"inLanguage\":\"en-US\"},{\"@type\":\"Person\",\"@id\":\"https:\\\/\\\/lassalinas.cl\\\/en\\\/#\\\/schema\\\/person\\\/2cb28f17281d978c10ff80bf255768a9\",\"name\":\"test_n6zg78\",\"sameAs\":[\"https:\\\/\\\/lassalinas.cl\"],\"url\":\"https:\\\/\\\/lassalinas.cl\\\/en\\\/author\\\/test_n6zg78\\\/\"}]}<\/script>\n<!-- \/ Yoast SEO plugin. -->","yoast_head_json":{"title":"Las Salinas presents two new projects to improve the quality of public space in Vi\u00f1a del Mar - Las Salinas","description":"Descubre c\u00f3mo estamos recuperando un espacio emblem\u00e1tico para la ciudad a trav\u00e9s del saneamiento de suelos contaminados.","robots":{"index":"index","follow":"follow","max-snippet":"max-snippet:-1","max-image-preview":"max-image-preview:large","max-video-preview":"max-video-preview:-1"},"canonical":"https:\/\/lassalinas.cl\/en\/las-salinas-presents-two-new-projects-to-improve-the-quality-of-public-space-in-vina-del-mar\/","og_locale":"en_US","og_type":"article","og_title":"Las Salinas presents two new projects to improve the quality of public space in Vi\u00f1a del Mar - Las Salinas","og_description":"Descubre c\u00f3mo estamos recuperando un espacio emblem\u00e1tico para la ciudad a trav\u00e9s del saneamiento de suelos contaminados.","og_url":"https:\/\/lassalinas.cl\/en\/las-salinas-presents-two-new-projects-to-improve-the-quality-of-public-space-in-vina-del-mar\/","og_site_name":"Las Salinas","article_publisher":"https:\/\/web.facebook.com\/somoslassalinas","article_published_time":"2020-09-30T00:00:00+00:00","og_image":[{"url":"https:\/\/lassalinas.cl\/wp-content\/uploads\/2024\/10\/R05.jpg","width":1,"height":1,"type":"image\/jpeg"}],"author":"test_n6zg78","twitter_card":"summary_large_image","twitter_creator":"@SomosLasSalinas","twitter_site":"@SomosLasSalinas","twitter_misc":{"Written by":"test_n6zg78","Est. reading time":"2 minutes"},"schema":{"@context":"https:\/\/schema.org","@graph":[{"@type":"Article","@id":"https:\/\/lassalinas.cl\/en\/las-salinas-presents-two-new-projects-to-improve-the-quality-of-public-space-in-vina-del-mar\/#article","isPartOf":{"@id":"https:\/\/lassalinas.cl\/en\/las-salinas-presents-two-new-projects-to-improve-the-quality-of-public-space-in-vina-del-mar\/"},"author":{"name":"test_n6zg78","@id":"https:\/\/lassalinas.cl\/en\/#\/schema\/person\/2cb28f17281d978c10ff80bf255768a9"},"headline":"Las Salinas presents two new projects to improve the quality of public space in Vi\u00f1a del Mar","datePublished":"2020-09-30T00:00:00+00:00","mainEntityOfPage":{"@id":"https:\/\/lassalinas.cl\/en\/las-salinas-presents-two-new-projects-to-improve-the-quality-of-public-space-in-vina-del-mar\/"},"wordCount":426,"image":{"@id":"https:\/\/lassalinas.cl\/en\/las-salinas-presents-two-new-projects-to-improve-the-quality-of-public-space-in-vina-del-mar\/#primaryimage"},"thumbnailUrl":"https:\/\/lassalinas.cl\/wp-content\/uploads\/2024\/10\/R05.avif","keywords":["Publications and media"],"articleSection":["Publications and Media","Urban process","We"],"inLanguage":"en-US"},{"@type":["WebPage","ItemPage"],"@id":"https:\/\/lassalinas.cl\/en\/las-salinas-presents-two-new-projects-to-improve-the-quality-of-public-space-in-vina-del-mar\/","url":"https:\/\/lassalinas.cl\/en\/las-salinas-presents-two-new-projects-to-improve-the-quality-of-public-space-in-vina-del-mar\/","name":"Las Salinas presents two new projects to improve the quality of public space in Vi\u00f1a del Mar - Las Salinas","isPartOf":{"@id":"https:\/\/lassalinas.cl\/en\/#website"},"primaryImageOfPage":{"@id":"https:\/\/lassalinas.cl\/en\/las-salinas-presents-two-new-projects-to-improve-the-quality-of-public-space-in-vina-del-mar\/#primaryimage"},"image":{"@id":"https:\/\/lassalinas.cl\/en\/las-salinas-presents-two-new-projects-to-improve-the-quality-of-public-space-in-vina-del-mar\/#primaryimage"},"thumbnailUrl":"https:\/\/lassalinas.cl\/wp-content\/uploads\/2024\/10\/R05.avif","datePublished":"2020-09-30T00:00:00+00:00","author":{"@id":"https:\/\/lassalinas.cl\/en\/#\/schema\/person\/2cb28f17281d978c10ff80bf255768a9"},"description":"Descubre c\u00f3mo estamos recuperando un espacio emblem\u00e1tico para la ciudad a trav\u00e9s del saneamiento de suelos contaminados.","breadcrumb":{"@id":"https:\/\/lassalinas.cl\/en\/las-salinas-presents-two-new-projects-to-improve-the-quality-of-public-space-in-vina-del-mar\/#breadcrumb"},"inLanguage":"en-US","potentialAction":[{"@type":"ReadAction","target":["https:\/\/lassalinas.cl\/en\/las-salinas-presents-two-new-projects-to-improve-the-quality-of-public-space-in-vina-del-mar\/"]}]},{"@type":"ImageObject","inLanguage":"en-US","@id":"https:\/\/lassalinas.cl\/en\/las-salinas-presents-two-new-projects-to-improve-the-quality-of-public-space-in-vina-del-mar\/#primaryimage","url":"https:\/\/lassalinas.cl\/wp-content\/uploads\/2024\/10\/R05.avif","contentUrl":"https:\/\/lassalinas.cl\/wp-content\/uploads\/2024\/10\/R05.avif","width":1280,"height":720},{"@type":"BreadcrumbList","@id":"https:\/\/lassalinas.cl\/en\/las-salinas-presents-two-new-projects-to-improve-the-quality-of-public-space-in-vina-del-mar\/#breadcrumb","itemListElement":[{"@type":"ListItem","position":1,"name":"Portada","item":"https:\/\/lassalinas.cl\/en\/"},{"@type":"ListItem","position":2,"name":"Las Salinas presents two new projects to improve the quality of public space in Vi\u00f1a del Mar"}]},{"@type":"WebSite","@id":"https:\/\/lassalinas.cl\/en\/#website","url":"https:\/\/lassalinas.cl\/en\/","name":"Las Salinas","description":"Impulsando un Vi\u00f1a del Mar m\u00e1s sustentable","potentialAction":[{"@type":"SearchAction","target":{"@type":"EntryPoint","urlTemplate":"https:\/\/lassalinas.cl\/en\/?s={search_term_string}"},"query-input":{"@type":"PropertyValueSpecification","valueRequired":true,"valueName":"search_term_string"}}],"inLanguage":"en-US"},{"@type":"Person","@id":"https:\/\/lassalinas.cl\/en\/#\/schema\/person\/2cb28f17281d978c10ff80bf255768a9","name":"test_n6zg78","sameAs":["https:\/\/lassalinas.cl"],"url":"https:\/\/lassalinas.cl\/en\/author\/test_n6zg78\/"}]}},"_links":{"self":[{"href":"https:\/\/lassalinas.cl\/en\/wp-json\/wp\/v2\/posts\/3835","targetHints":{"allow":["GET"]}}],"collection":[{"href":"https:\/\/lassalinas.cl\/en\/wp-json\/wp\/v2\/posts"}],"about":[{"href":"https:\/\/lassalinas.cl\/en\/wp-json\/wp\/v2\/types\/post"}],"author":[{"embeddable":true,"href":"https:\/\/lassalinas.cl\/en\/wp-json\/wp\/v2\/users\/1"}],"replies":[{"embeddable":true,"href":"https:\/\/lassalinas.cl\/en\/wp-json\/wp\/v2\/comments?post=3835"}],"version-history":[{"count":0,"href":"https:\/\/lassalinas.cl\/en\/wp-json\/wp\/v2\/posts\/3835\/revisions"}],"wp:featuredmedia":[{"embeddable":true,"href":"https:\/\/lassalinas.cl\/en\/wp-json\/wp\/v2\/media\/1037"}],"wp:attachment":[{"href":"https:\/\/lassalinas.cl\/en\/wp-json\/wp\/v2\/media?parent=3835"}],"wp:term":[{"taxonomy":"category","embeddable":true,"href":"https:\/\/lassalinas.cl\/en\/wp-json\/wp\/v2\/categories?post=3835"},{"taxonomy":"post_tag","embeddable":true,"href":"https:\/\/lassalinas.cl\/en\/wp-json\/wp\/v2\/tags?post=3835"}],"curies":[{"name":"wp","href":"https:\/\/api.w.org\/{rel}","templated":true}]}}