{"id":3838,"date":"2020-10-20T00:00:00","date_gmt":"2020-10-20T00:00:00","guid":{"rendered":"https:\/\/lassalinas.cl\/sin-categorizar\/we-presented-details-of-the-sanitation-project-to-the-medical-association-and-the-almirante-nef-naval-hospital\/"},"modified":"2020-10-20T00:00:00","modified_gmt":"2020-10-20T00:00:00","slug":"we-presented-details-of-the-sanitation-project-to-the-medical-association-and-the-almirante-nef-naval-hospital","status":"publish","type":"post","link":"https:\/\/lassalinas.cl\/en\/we-presented-details-of-the-sanitation-project-to-the-medical-association-and-the-almirante-nef-naval-hospital\/","title":{"rendered":"We presented details of the sanitation project to the Medical Association and the Almirante Nef Naval Hospital."},"content":{"rendered":"<p>The Las Salinas environmental project contemplates the application of the Bioremediation technique. Although it is a somewhat unknown alternative in our country, these processes are widely used worldwide. In order to clearly explain the scope of the application of bioremediation to clean up the Las Salinas site, we approached experts in the health area of Vi\u00f1a del Mar, and were able to hold meetings with the Medical Association of Valparaiso (28-09-2020) and with the Almirante Nef Naval Hospital (08-10-2020), the latter located near the site. In both instances, the development manager of Las Salinas, Esteban Undurraga, made a complete presentation where he explained in detail the sanitation project that was approved by the environmental authority, and the neighborhood proposal for the future. He then received questions and comments from the attendees, which were answered by Esteban Undurraga. Finally, the material presented was sent to the attendees as a backup and for future reference. If you would like to receive information about the sanitation project or the future neighborhood, please write to us at <\/p>\n","protected":false},"excerpt":{"rendered":"<p>The Las Salinas environmental project contemplates the application of the Bioremediation technique. Although it is a somewhat unknown alternative in our country, these processes are widely used worldwide. In order to clearly explain the scope of the application of bioremediation to clean up the Las Salinas site, we approached experts in the health area of [&hellip;]<\/p>\n","protected":false},"author":1,"featured_media":1040,"comment_status":"closed","ping_status":"closed","sticky":false,"template":"","format":"standard","meta":{"footnotes":""},"categories":[86,82,83],"tags":[90],"class_list":["post-3838","post","type-post","status-publish","format-standard","has-post-thumbnail","hentry","category-activities-performed","category-publications-and-media","category-remediation","tag-publications-and-media"],"yoast_head":"<!-- This site is optimized with the Yoast SEO plugin v27.3 - https:\/\/yoast.com\/product\/yoast-seo-wordpress\/ -->\n<title>We presented details of the sanitation project to the Medical Association and the Almirante Nef Naval Hospital. - Las Salinas<\/title>\n<meta name=\"description\" content=\"Descubre c\u00f3mo estamos recuperando un espacio emblem\u00e1tico para la ciudad a trav\u00e9s del saneamiento de suelos contaminados.\" \/>\n<meta name=\"robots\" content=\"index, follow, max-snippet:-1, max-image-preview:large, max-video-preview:-1\" \/>\n<link rel=\"canonical\" href=\"https:\/\/lassalinas.cl\/en\/we-presented-details-of-the-sanitation-project-to-the-medical-association-and-the-almirante-nef-naval-hospital\/\" \/>\n<meta property=\"og:locale\" content=\"en_US\" \/>\n<meta property=\"og:type\" content=\"article\" \/>\n<meta property=\"og:title\" content=\"We presented details of the sanitation project to the Medical Association and the Almirante Nef Naval Hospital. - Las Salinas\" \/>\n<meta property=\"og:description\" content=\"Descubre c\u00f3mo estamos recuperando un espacio emblem\u00e1tico para la ciudad a trav\u00e9s del saneamiento de suelos contaminados.\" \/>\n<meta property=\"og:url\" content=\"https:\/\/lassalinas.cl\/en\/we-presented-details-of-the-sanitation-project-to-the-medical-association-and-the-almirante-nef-naval-hospital\/\" \/>\n<meta property=\"og:site_name\" content=\"Las Salinas\" \/>\n<meta property=\"article:publisher\" content=\"https:\/\/web.facebook.com\/somoslassalinas\" \/>\n<meta property=\"article:published_time\" content=\"2020-10-20T00:00:00+00:00\" \/>\n<meta property=\"og:image\" content=\"https:\/\/lassalinas.cl\/wp-content\/uploads\/2024\/10\/Presentacion-Hospital-Naval.jpg\" \/>\n\t<meta property=\"og:image:width\" content=\"1\" \/>\n\t<meta property=\"og:image:height\" content=\"1\" \/>\n\t<meta property=\"og:image:type\" content=\"image\/jpeg\" \/>\n<meta name=\"author\" content=\"test_n6zg78\" \/>\n<meta name=\"twitter:card\" content=\"summary_large_image\" \/>\n<meta name=\"twitter:creator\" content=\"@SomosLasSalinas\" \/>\n<meta name=\"twitter:site\" content=\"@SomosLasSalinas\" \/>\n<meta name=\"twitter:label1\" content=\"Written by\" \/>\n\t<meta name=\"twitter:data1\" content=\"test_n6zg78\" \/>\n\t<meta name=\"twitter:label2\" content=\"Est. reading time\" \/>\n\t<meta name=\"twitter:data2\" content=\"1 minute\" \/>\n<script type=\"application\/ld+json\" class=\"yoast-schema-graph\">{\"@context\":\"https:\\\/\\\/schema.org\",\"@graph\":[{\"@type\":\"Article\",\"@id\":\"https:\\\/\\\/lassalinas.cl\\\/en\\\/we-presented-details-of-the-sanitation-project-to-the-medical-association-and-the-almirante-nef-naval-hospital\\\/#article\",\"isPartOf\":{\"@id\":\"https:\\\/\\\/lassalinas.cl\\\/en\\\/we-presented-details-of-the-sanitation-project-to-the-medical-association-and-the-almirante-nef-naval-hospital\\\/\"},\"author\":{\"name\":\"test_n6zg78\",\"@id\":\"https:\\\/\\\/lassalinas.cl\\\/en\\\/#\\\/schema\\\/person\\\/2cb28f17281d978c10ff80bf255768a9\"},\"headline\":\"We presented details of the sanitation project to the Medical Association and the Almirante Nef Naval Hospital.\",\"datePublished\":\"2020-10-20T00:00:00+00:00\",\"mainEntityOfPage\":{\"@id\":\"https:\\\/\\\/lassalinas.cl\\\/en\\\/we-presented-details-of-the-sanitation-project-to-the-medical-association-and-the-almirante-nef-naval-hospital\\\/\"},\"wordCount\":193,\"image\":{\"@id\":\"https:\\\/\\\/lassalinas.cl\\\/en\\\/we-presented-details-of-the-sanitation-project-to-the-medical-association-and-the-almirante-nef-naval-hospital\\\/#primaryimage\"},\"thumbnailUrl\":\"https:\\\/\\\/lassalinas.cl\\\/wp-content\\\/uploads\\\/2024\\\/10\\\/Presentacion-Hospital-Naval.avif\",\"keywords\":[\"Publications and media\"],\"articleSection\":[\"Activities Performed\",\"Publications and Media\",\"Remediation\"],\"inLanguage\":\"en-US\"},{\"@type\":[\"WebPage\",\"ItemPage\"],\"@id\":\"https:\\\/\\\/lassalinas.cl\\\/en\\\/we-presented-details-of-the-sanitation-project-to-the-medical-association-and-the-almirante-nef-naval-hospital\\\/\",\"url\":\"https:\\\/\\\/lassalinas.cl\\\/en\\\/we-presented-details-of-the-sanitation-project-to-the-medical-association-and-the-almirante-nef-naval-hospital\\\/\",\"name\":\"We presented details of the sanitation project to the Medical Association and the Almirante Nef Naval Hospital. - Las Salinas\",\"isPartOf\":{\"@id\":\"https:\\\/\\\/lassalinas.cl\\\/en\\\/#website\"},\"primaryImageOfPage\":{\"@id\":\"https:\\\/\\\/lassalinas.cl\\\/en\\\/we-presented-details-of-the-sanitation-project-to-the-medical-association-and-the-almirante-nef-naval-hospital\\\/#primaryimage\"},\"image\":{\"@id\":\"https:\\\/\\\/lassalinas.cl\\\/en\\\/we-presented-details-of-the-sanitation-project-to-the-medical-association-and-the-almirante-nef-naval-hospital\\\/#primaryimage\"},\"thumbnailUrl\":\"https:\\\/\\\/lassalinas.cl\\\/wp-content\\\/uploads\\\/2024\\\/10\\\/Presentacion-Hospital-Naval.avif\",\"datePublished\":\"2020-10-20T00:00:00+00:00\",\"author\":{\"@id\":\"https:\\\/\\\/lassalinas.cl\\\/en\\\/#\\\/schema\\\/person\\\/2cb28f17281d978c10ff80bf255768a9\"},\"description\":\"Descubre c\u00f3mo estamos recuperando un espacio emblem\u00e1tico para la ciudad a trav\u00e9s del saneamiento de suelos contaminados.\",\"breadcrumb\":{\"@id\":\"https:\\\/\\\/lassalinas.cl\\\/en\\\/we-presented-details-of-the-sanitation-project-to-the-medical-association-and-the-almirante-nef-naval-hospital\\\/#breadcrumb\"},\"inLanguage\":\"en-US\",\"potentialAction\":[{\"@type\":\"ReadAction\",\"target\":[\"https:\\\/\\\/lassalinas.cl\\\/en\\\/we-presented-details-of-the-sanitation-project-to-the-medical-association-and-the-almirante-nef-naval-hospital\\\/\"]}]},{\"@type\":\"ImageObject\",\"inLanguage\":\"en-US\",\"@id\":\"https:\\\/\\\/lassalinas.cl\\\/en\\\/we-presented-details-of-the-sanitation-project-to-the-medical-association-and-the-almirante-nef-naval-hospital\\\/#primaryimage\",\"url\":\"https:\\\/\\\/lassalinas.cl\\\/wp-content\\\/uploads\\\/2024\\\/10\\\/Presentacion-Hospital-Naval.avif\",\"contentUrl\":\"https:\\\/\\\/lassalinas.cl\\\/wp-content\\\/uploads\\\/2024\\\/10\\\/Presentacion-Hospital-Naval.avif\",\"width\":667,\"height\":538},{\"@type\":\"BreadcrumbList\",\"@id\":\"https:\\\/\\\/lassalinas.cl\\\/en\\\/we-presented-details-of-the-sanitation-project-to-the-medical-association-and-the-almirante-nef-naval-hospital\\\/#breadcrumb\",\"itemListElement\":[{\"@type\":\"ListItem\",\"position\":1,\"name\":\"Portada\",\"item\":\"https:\\\/\\\/lassalinas.cl\\\/en\\\/\"},{\"@type\":\"ListItem\",\"position\":2,\"name\":\"We presented details of the sanitation project to the Medical Association and the Almirante Nef Naval Hospital.\"}]},{\"@type\":\"WebSite\",\"@id\":\"https:\\\/\\\/lassalinas.cl\\\/en\\\/#website\",\"url\":\"https:\\\/\\\/lassalinas.cl\\\/en\\\/\",\"name\":\"Las Salinas\",\"description\":\"Impulsando un Vi\u00f1a del Mar m\u00e1s sustentable\",\"potentialAction\":[{\"@type\":\"SearchAction\",\"target\":{\"@type\":\"EntryPoint\",\"urlTemplate\":\"https:\\\/\\\/lassalinas.cl\\\/en\\\/?s={search_term_string}\"},\"query-input\":{\"@type\":\"PropertyValueSpecification\",\"valueRequired\":true,\"valueName\":\"search_term_string\"}}],\"inLanguage\":\"en-US\"},{\"@type\":\"Person\",\"@id\":\"https:\\\/\\\/lassalinas.cl\\\/en\\\/#\\\/schema\\\/person\\\/2cb28f17281d978c10ff80bf255768a9\",\"name\":\"test_n6zg78\",\"sameAs\":[\"https:\\\/\\\/lassalinas.cl\"],\"url\":\"https:\\\/\\\/lassalinas.cl\\\/en\\\/author\\\/test_n6zg78\\\/\"}]}<\/script>\n<!-- \/ Yoast SEO plugin. -->","yoast_head_json":{"title":"We presented details of the sanitation project to the Medical Association and the Almirante Nef Naval Hospital. - Las Salinas","description":"Descubre c\u00f3mo estamos recuperando un espacio emblem\u00e1tico para la ciudad a trav\u00e9s del saneamiento de suelos contaminados.","robots":{"index":"index","follow":"follow","max-snippet":"max-snippet:-1","max-image-preview":"max-image-preview:large","max-video-preview":"max-video-preview:-1"},"canonical":"https:\/\/lassalinas.cl\/en\/we-presented-details-of-the-sanitation-project-to-the-medical-association-and-the-almirante-nef-naval-hospital\/","og_locale":"en_US","og_type":"article","og_title":"We presented details of the sanitation project to the Medical Association and the Almirante Nef Naval Hospital. - Las Salinas","og_description":"Descubre c\u00f3mo estamos recuperando un espacio emblem\u00e1tico para la ciudad a trav\u00e9s del saneamiento de suelos contaminados.","og_url":"https:\/\/lassalinas.cl\/en\/we-presented-details-of-the-sanitation-project-to-the-medical-association-and-the-almirante-nef-naval-hospital\/","og_site_name":"Las Salinas","article_publisher":"https:\/\/web.facebook.com\/somoslassalinas","article_published_time":"2020-10-20T00:00:00+00:00","og_image":[{"url":"https:\/\/lassalinas.cl\/wp-content\/uploads\/2024\/10\/Presentacion-Hospital-Naval.jpg","width":1,"height":1,"type":"image\/jpeg"}],"author":"test_n6zg78","twitter_card":"summary_large_image","twitter_creator":"@SomosLasSalinas","twitter_site":"@SomosLasSalinas","twitter_misc":{"Written by":"test_n6zg78","Est. reading time":"1 minute"},"schema":{"@context":"https:\/\/schema.org","@graph":[{"@type":"Article","@id":"https:\/\/lassalinas.cl\/en\/we-presented-details-of-the-sanitation-project-to-the-medical-association-and-the-almirante-nef-naval-hospital\/#article","isPartOf":{"@id":"https:\/\/lassalinas.cl\/en\/we-presented-details-of-the-sanitation-project-to-the-medical-association-and-the-almirante-nef-naval-hospital\/"},"author":{"name":"test_n6zg78","@id":"https:\/\/lassalinas.cl\/en\/#\/schema\/person\/2cb28f17281d978c10ff80bf255768a9"},"headline":"We presented details of the sanitation project to the Medical Association and the Almirante Nef Naval Hospital.","datePublished":"2020-10-20T00:00:00+00:00","mainEntityOfPage":{"@id":"https:\/\/lassalinas.cl\/en\/we-presented-details-of-the-sanitation-project-to-the-medical-association-and-the-almirante-nef-naval-hospital\/"},"wordCount":193,"image":{"@id":"https:\/\/lassalinas.cl\/en\/we-presented-details-of-the-sanitation-project-to-the-medical-association-and-the-almirante-nef-naval-hospital\/#primaryimage"},"thumbnailUrl":"https:\/\/lassalinas.cl\/wp-content\/uploads\/2024\/10\/Presentacion-Hospital-Naval.avif","keywords":["Publications and media"],"articleSection":["Activities Performed","Publications and Media","Remediation"],"inLanguage":"en-US"},{"@type":["WebPage","ItemPage"],"@id":"https:\/\/lassalinas.cl\/en\/we-presented-details-of-the-sanitation-project-to-the-medical-association-and-the-almirante-nef-naval-hospital\/","url":"https:\/\/lassalinas.cl\/en\/we-presented-details-of-the-sanitation-project-to-the-medical-association-and-the-almirante-nef-naval-hospital\/","name":"We presented details of the sanitation project to the Medical Association and the Almirante Nef Naval Hospital. - Las Salinas","isPartOf":{"@id":"https:\/\/lassalinas.cl\/en\/#website"},"primaryImageOfPage":{"@id":"https:\/\/lassalinas.cl\/en\/we-presented-details-of-the-sanitation-project-to-the-medical-association-and-the-almirante-nef-naval-hospital\/#primaryimage"},"image":{"@id":"https:\/\/lassalinas.cl\/en\/we-presented-details-of-the-sanitation-project-to-the-medical-association-and-the-almirante-nef-naval-hospital\/#primaryimage"},"thumbnailUrl":"https:\/\/lassalinas.cl\/wp-content\/uploads\/2024\/10\/Presentacion-Hospital-Naval.avif","datePublished":"2020-10-20T00:00:00+00:00","author":{"@id":"https:\/\/lassalinas.cl\/en\/#\/schema\/person\/2cb28f17281d978c10ff80bf255768a9"},"description":"Descubre c\u00f3mo estamos recuperando un espacio emblem\u00e1tico para la ciudad a trav\u00e9s del saneamiento de suelos contaminados.","breadcrumb":{"@id":"https:\/\/lassalinas.cl\/en\/we-presented-details-of-the-sanitation-project-to-the-medical-association-and-the-almirante-nef-naval-hospital\/#breadcrumb"},"inLanguage":"en-US","potentialAction":[{"@type":"ReadAction","target":["https:\/\/lassalinas.cl\/en\/we-presented-details-of-the-sanitation-project-to-the-medical-association-and-the-almirante-nef-naval-hospital\/"]}]},{"@type":"ImageObject","inLanguage":"en-US","@id":"https:\/\/lassalinas.cl\/en\/we-presented-details-of-the-sanitation-project-to-the-medical-association-and-the-almirante-nef-naval-hospital\/#primaryimage","url":"https:\/\/lassalinas.cl\/wp-content\/uploads\/2024\/10\/Presentacion-Hospital-Naval.avif","contentUrl":"https:\/\/lassalinas.cl\/wp-content\/uploads\/2024\/10\/Presentacion-Hospital-Naval.avif","width":667,"height":538},{"@type":"BreadcrumbList","@id":"https:\/\/lassalinas.cl\/en\/we-presented-details-of-the-sanitation-project-to-the-medical-association-and-the-almirante-nef-naval-hospital\/#breadcrumb","itemListElement":[{"@type":"ListItem","position":1,"name":"Portada","item":"https:\/\/lassalinas.cl\/en\/"},{"@type":"ListItem","position":2,"name":"We presented details of the sanitation project to the Medical Association and the Almirante Nef Naval Hospital."}]},{"@type":"WebSite","@id":"https:\/\/lassalinas.cl\/en\/#website","url":"https:\/\/lassalinas.cl\/en\/","name":"Las Salinas","description":"Impulsando un Vi\u00f1a del Mar m\u00e1s sustentable","potentialAction":[{"@type":"SearchAction","target":{"@type":"EntryPoint","urlTemplate":"https:\/\/lassalinas.cl\/en\/?s={search_term_string}"},"query-input":{"@type":"PropertyValueSpecification","valueRequired":true,"valueName":"search_term_string"}}],"inLanguage":"en-US"},{"@type":"Person","@id":"https:\/\/lassalinas.cl\/en\/#\/schema\/person\/2cb28f17281d978c10ff80bf255768a9","name":"test_n6zg78","sameAs":["https:\/\/lassalinas.cl"],"url":"https:\/\/lassalinas.cl\/en\/author\/test_n6zg78\/"}]}},"_links":{"self":[{"href":"https:\/\/lassalinas.cl\/en\/wp-json\/wp\/v2\/posts\/3838","targetHints":{"allow":["GET"]}}],"collection":[{"href":"https:\/\/lassalinas.cl\/en\/wp-json\/wp\/v2\/posts"}],"about":[{"href":"https:\/\/lassalinas.cl\/en\/wp-json\/wp\/v2\/types\/post"}],"author":[{"embeddable":true,"href":"https:\/\/lassalinas.cl\/en\/wp-json\/wp\/v2\/users\/1"}],"replies":[{"embeddable":true,"href":"https:\/\/lassalinas.cl\/en\/wp-json\/wp\/v2\/comments?post=3838"}],"version-history":[{"count":0,"href":"https:\/\/lassalinas.cl\/en\/wp-json\/wp\/v2\/posts\/3838\/revisions"}],"wp:featuredmedia":[{"embeddable":true,"href":"https:\/\/lassalinas.cl\/en\/wp-json\/wp\/v2\/media\/1040"}],"wp:attachment":[{"href":"https:\/\/lassalinas.cl\/en\/wp-json\/wp\/v2\/media?parent=3838"}],"wp:term":[{"taxonomy":"category","embeddable":true,"href":"https:\/\/lassalinas.cl\/en\/wp-json\/wp\/v2\/categories?post=3838"},{"taxonomy":"post_tag","embeddable":true,"href":"https:\/\/lassalinas.cl\/en\/wp-json\/wp\/v2\/tags?post=3838"}],"curies":[{"name":"wp","href":"https:\/\/api.w.org\/{rel}","templated":true}]}}