{"id":3843,"date":"2020-11-24T00:00:00","date_gmt":"2020-11-24T00:00:00","guid":{"rendered":"https:\/\/lassalinas.cl\/sin-categorizar\/las-salinas-in-webinar-organized-by-emv-and-pucv\/"},"modified":"2020-11-24T00:00:00","modified_gmt":"2020-11-24T00:00:00","slug":"las-salinas-in-webinar-organized-by-emv-and-pucv","status":"publish","type":"post","link":"https:\/\/lassalinas.cl\/en\/las-salinas-in-webinar-organized-by-emv-and-pucv\/","title":{"rendered":"Las Salinas in webinar organized by EMV and PUCV"},"content":{"rendered":"<p>is the name of the webinar where Las Salinas will present and discuss the progress of the urban proposal for the future Las Salinas neighborhood. The activity will have the participation of prominent panelists: Lorena Herrera, Academic of the Pontificia Universidad Cat\u00f3lica de Valpara\u00edso and former Director of Sectra; Pier Paolo Zacarelli, President of the Chamber of Commerce of Valpara\u00edso; and Roberto Moris, Academic of the Institute of Urban Studies of the Pontificia Universidad Cat\u00f3lica and urban advisor. This activity will take place on Wednesday, November 25 at 11:00 a.m. and will be broadcasted on the following channel<\/p>\n","protected":false},"excerpt":{"rendered":"<p>is the name of the webinar where Las Salinas will present and discuss the progress of the urban proposal for the future Las Salinas neighborhood. The activity will have the participation of prominent panelists: Lorena Herrera, Academic of the Pontificia Universidad Cat\u00f3lica de Valpara\u00edso and former Director of Sectra; Pier Paolo Zacarelli, President of the [&hellip;]<\/p>\n","protected":false},"author":1,"featured_media":1043,"comment_status":"closed","ping_status":"closed","sticky":false,"template":"","format":"standard","meta":{"footnotes":""},"categories":[86,82,83,87],"tags":[90],"class_list":["post-3843","post","type-post","status-publish","format-standard","has-post-thumbnail","hentry","category-activities-performed","category-publications-and-media","category-remediation","category-urban-process","tag-publications-and-media"],"yoast_head":"<!-- This site is optimized with the Yoast SEO plugin v27.3 - https:\/\/yoast.com\/product\/yoast-seo-wordpress\/ -->\n<title>Las Salinas in webinar organized by EMV and PUCV - Las Salinas<\/title>\n<meta name=\"description\" content=\"Descubre c\u00f3mo estamos recuperando un espacio emblem\u00e1tico para la ciudad a trav\u00e9s del saneamiento de suelos contaminados.\" \/>\n<meta name=\"robots\" content=\"index, follow, max-snippet:-1, max-image-preview:large, max-video-preview:-1\" \/>\n<link rel=\"canonical\" href=\"https:\/\/lassalinas.cl\/en\/las-salinas-in-webinar-organized-by-emv-and-pucv\/\" \/>\n<meta property=\"og:locale\" content=\"en_US\" \/>\n<meta property=\"og:type\" content=\"article\" \/>\n<meta property=\"og:title\" content=\"Las Salinas in webinar organized by EMV and PUCV - Las Salinas\" \/>\n<meta property=\"og:description\" content=\"Descubre c\u00f3mo estamos recuperando un espacio emblem\u00e1tico para la ciudad a trav\u00e9s del saneamiento de suelos contaminados.\" \/>\n<meta property=\"og:url\" content=\"https:\/\/lassalinas.cl\/en\/las-salinas-in-webinar-organized-by-emv-and-pucv\/\" \/>\n<meta property=\"og:site_name\" content=\"Las Salinas\" \/>\n<meta property=\"article:publisher\" content=\"https:\/\/web.facebook.com\/somoslassalinas\" \/>\n<meta property=\"article:published_time\" content=\"2020-11-24T00:00:00+00:00\" \/>\n<meta property=\"og:image\" content=\"https:\/\/lassalinas.cl\/wp-content\/uploads\/2024\/10\/Afiche-webinar-pequeno.jpeg\" \/>\n\t<meta property=\"og:image:width\" content=\"1\" \/>\n\t<meta property=\"og:image:height\" content=\"1\" \/>\n\t<meta property=\"og:image:type\" content=\"image\/jpeg\" \/>\n<meta name=\"author\" content=\"test_n6zg78\" \/>\n<meta name=\"twitter:card\" content=\"summary_large_image\" \/>\n<meta name=\"twitter:creator\" content=\"@SomosLasSalinas\" \/>\n<meta name=\"twitter:site\" content=\"@SomosLasSalinas\" \/>\n<meta name=\"twitter:label1\" content=\"Written by\" \/>\n\t<meta name=\"twitter:data1\" content=\"test_n6zg78\" \/>\n\t<meta name=\"twitter:label2\" content=\"Est. reading time\" \/>\n\t<meta name=\"twitter:data2\" content=\"1 minute\" \/>\n<script type=\"application\/ld+json\" class=\"yoast-schema-graph\">{\"@context\":\"https:\\\/\\\/schema.org\",\"@graph\":[{\"@type\":\"Article\",\"@id\":\"https:\\\/\\\/lassalinas.cl\\\/en\\\/las-salinas-in-webinar-organized-by-emv-and-pucv\\\/#article\",\"isPartOf\":{\"@id\":\"https:\\\/\\\/lassalinas.cl\\\/en\\\/las-salinas-in-webinar-organized-by-emv-and-pucv\\\/\"},\"author\":{\"name\":\"test_n6zg78\",\"@id\":\"https:\\\/\\\/lassalinas.cl\\\/en\\\/#\\\/schema\\\/person\\\/2cb28f17281d978c10ff80bf255768a9\"},\"headline\":\"Las Salinas in webinar organized by EMV and PUCV\",\"datePublished\":\"2020-11-24T00:00:00+00:00\",\"mainEntityOfPage\":{\"@id\":\"https:\\\/\\\/lassalinas.cl\\\/en\\\/las-salinas-in-webinar-organized-by-emv-and-pucv\\\/\"},\"wordCount\":110,\"image\":{\"@id\":\"https:\\\/\\\/lassalinas.cl\\\/en\\\/las-salinas-in-webinar-organized-by-emv-and-pucv\\\/#primaryimage\"},\"thumbnailUrl\":\"https:\\\/\\\/lassalinas.cl\\\/wp-content\\\/uploads\\\/2024\\\/10\\\/Afiche-webinar-pequeno.avif\",\"keywords\":[\"Publications and media\"],\"articleSection\":[\"Activities Performed\",\"Publications and Media\",\"Remediation\",\"Urban process\"],\"inLanguage\":\"en-US\"},{\"@type\":[\"WebPage\",\"ItemPage\"],\"@id\":\"https:\\\/\\\/lassalinas.cl\\\/en\\\/las-salinas-in-webinar-organized-by-emv-and-pucv\\\/\",\"url\":\"https:\\\/\\\/lassalinas.cl\\\/en\\\/las-salinas-in-webinar-organized-by-emv-and-pucv\\\/\",\"name\":\"Las Salinas in webinar organized by EMV and PUCV - Las Salinas\",\"isPartOf\":{\"@id\":\"https:\\\/\\\/lassalinas.cl\\\/en\\\/#website\"},\"primaryImageOfPage\":{\"@id\":\"https:\\\/\\\/lassalinas.cl\\\/en\\\/las-salinas-in-webinar-organized-by-emv-and-pucv\\\/#primaryimage\"},\"image\":{\"@id\":\"https:\\\/\\\/lassalinas.cl\\\/en\\\/las-salinas-in-webinar-organized-by-emv-and-pucv\\\/#primaryimage\"},\"thumbnailUrl\":\"https:\\\/\\\/lassalinas.cl\\\/wp-content\\\/uploads\\\/2024\\\/10\\\/Afiche-webinar-pequeno.avif\",\"datePublished\":\"2020-11-24T00:00:00+00:00\",\"author\":{\"@id\":\"https:\\\/\\\/lassalinas.cl\\\/en\\\/#\\\/schema\\\/person\\\/2cb28f17281d978c10ff80bf255768a9\"},\"description\":\"Descubre c\u00f3mo estamos recuperando un espacio emblem\u00e1tico para la ciudad a trav\u00e9s del saneamiento de suelos contaminados.\",\"breadcrumb\":{\"@id\":\"https:\\\/\\\/lassalinas.cl\\\/en\\\/las-salinas-in-webinar-organized-by-emv-and-pucv\\\/#breadcrumb\"},\"inLanguage\":\"en-US\",\"potentialAction\":[{\"@type\":\"ReadAction\",\"target\":[\"https:\\\/\\\/lassalinas.cl\\\/en\\\/las-salinas-in-webinar-organized-by-emv-and-pucv\\\/\"]}]},{\"@type\":\"ImageObject\",\"inLanguage\":\"en-US\",\"@id\":\"https:\\\/\\\/lassalinas.cl\\\/en\\\/las-salinas-in-webinar-organized-by-emv-and-pucv\\\/#primaryimage\",\"url\":\"https:\\\/\\\/lassalinas.cl\\\/wp-content\\\/uploads\\\/2024\\\/10\\\/Afiche-webinar-pequeno.avif\",\"contentUrl\":\"https:\\\/\\\/lassalinas.cl\\\/wp-content\\\/uploads\\\/2024\\\/10\\\/Afiche-webinar-pequeno.avif\",\"width\":870,\"height\":651},{\"@type\":\"BreadcrumbList\",\"@id\":\"https:\\\/\\\/lassalinas.cl\\\/en\\\/las-salinas-in-webinar-organized-by-emv-and-pucv\\\/#breadcrumb\",\"itemListElement\":[{\"@type\":\"ListItem\",\"position\":1,\"name\":\"Portada\",\"item\":\"https:\\\/\\\/lassalinas.cl\\\/en\\\/\"},{\"@type\":\"ListItem\",\"position\":2,\"name\":\"Las Salinas in webinar organized by EMV and PUCV\"}]},{\"@type\":\"WebSite\",\"@id\":\"https:\\\/\\\/lassalinas.cl\\\/en\\\/#website\",\"url\":\"https:\\\/\\\/lassalinas.cl\\\/en\\\/\",\"name\":\"Las Salinas\",\"description\":\"Impulsando un Vi\u00f1a del Mar m\u00e1s sustentable\",\"potentialAction\":[{\"@type\":\"SearchAction\",\"target\":{\"@type\":\"EntryPoint\",\"urlTemplate\":\"https:\\\/\\\/lassalinas.cl\\\/en\\\/?s={search_term_string}\"},\"query-input\":{\"@type\":\"PropertyValueSpecification\",\"valueRequired\":true,\"valueName\":\"search_term_string\"}}],\"inLanguage\":\"en-US\"},{\"@type\":\"Person\",\"@id\":\"https:\\\/\\\/lassalinas.cl\\\/en\\\/#\\\/schema\\\/person\\\/2cb28f17281d978c10ff80bf255768a9\",\"name\":\"test_n6zg78\",\"sameAs\":[\"https:\\\/\\\/lassalinas.cl\"],\"url\":\"https:\\\/\\\/lassalinas.cl\\\/en\\\/author\\\/test_n6zg78\\\/\"}]}<\/script>\n<!-- \/ Yoast SEO plugin. -->","yoast_head_json":{"title":"Las Salinas in webinar organized by EMV and PUCV - Las Salinas","description":"Descubre c\u00f3mo estamos recuperando un espacio emblem\u00e1tico para la ciudad a trav\u00e9s del saneamiento de suelos contaminados.","robots":{"index":"index","follow":"follow","max-snippet":"max-snippet:-1","max-image-preview":"max-image-preview:large","max-video-preview":"max-video-preview:-1"},"canonical":"https:\/\/lassalinas.cl\/en\/las-salinas-in-webinar-organized-by-emv-and-pucv\/","og_locale":"en_US","og_type":"article","og_title":"Las Salinas in webinar organized by EMV and PUCV - Las Salinas","og_description":"Descubre c\u00f3mo estamos recuperando un espacio emblem\u00e1tico para la ciudad a trav\u00e9s del saneamiento de suelos contaminados.","og_url":"https:\/\/lassalinas.cl\/en\/las-salinas-in-webinar-organized-by-emv-and-pucv\/","og_site_name":"Las Salinas","article_publisher":"https:\/\/web.facebook.com\/somoslassalinas","article_published_time":"2020-11-24T00:00:00+00:00","og_image":[{"url":"https:\/\/lassalinas.cl\/wp-content\/uploads\/2024\/10\/Afiche-webinar-pequeno.jpeg","width":1,"height":1,"type":"image\/jpeg"}],"author":"test_n6zg78","twitter_card":"summary_large_image","twitter_creator":"@SomosLasSalinas","twitter_site":"@SomosLasSalinas","twitter_misc":{"Written by":"test_n6zg78","Est. reading time":"1 minute"},"schema":{"@context":"https:\/\/schema.org","@graph":[{"@type":"Article","@id":"https:\/\/lassalinas.cl\/en\/las-salinas-in-webinar-organized-by-emv-and-pucv\/#article","isPartOf":{"@id":"https:\/\/lassalinas.cl\/en\/las-salinas-in-webinar-organized-by-emv-and-pucv\/"},"author":{"name":"test_n6zg78","@id":"https:\/\/lassalinas.cl\/en\/#\/schema\/person\/2cb28f17281d978c10ff80bf255768a9"},"headline":"Las Salinas in webinar organized by EMV and PUCV","datePublished":"2020-11-24T00:00:00+00:00","mainEntityOfPage":{"@id":"https:\/\/lassalinas.cl\/en\/las-salinas-in-webinar-organized-by-emv-and-pucv\/"},"wordCount":110,"image":{"@id":"https:\/\/lassalinas.cl\/en\/las-salinas-in-webinar-organized-by-emv-and-pucv\/#primaryimage"},"thumbnailUrl":"https:\/\/lassalinas.cl\/wp-content\/uploads\/2024\/10\/Afiche-webinar-pequeno.avif","keywords":["Publications and media"],"articleSection":["Activities Performed","Publications and Media","Remediation","Urban process"],"inLanguage":"en-US"},{"@type":["WebPage","ItemPage"],"@id":"https:\/\/lassalinas.cl\/en\/las-salinas-in-webinar-organized-by-emv-and-pucv\/","url":"https:\/\/lassalinas.cl\/en\/las-salinas-in-webinar-organized-by-emv-and-pucv\/","name":"Las Salinas in webinar organized by EMV and PUCV - Las Salinas","isPartOf":{"@id":"https:\/\/lassalinas.cl\/en\/#website"},"primaryImageOfPage":{"@id":"https:\/\/lassalinas.cl\/en\/las-salinas-in-webinar-organized-by-emv-and-pucv\/#primaryimage"},"image":{"@id":"https:\/\/lassalinas.cl\/en\/las-salinas-in-webinar-organized-by-emv-and-pucv\/#primaryimage"},"thumbnailUrl":"https:\/\/lassalinas.cl\/wp-content\/uploads\/2024\/10\/Afiche-webinar-pequeno.avif","datePublished":"2020-11-24T00:00:00+00:00","author":{"@id":"https:\/\/lassalinas.cl\/en\/#\/schema\/person\/2cb28f17281d978c10ff80bf255768a9"},"description":"Descubre c\u00f3mo estamos recuperando un espacio emblem\u00e1tico para la ciudad a trav\u00e9s del saneamiento de suelos contaminados.","breadcrumb":{"@id":"https:\/\/lassalinas.cl\/en\/las-salinas-in-webinar-organized-by-emv-and-pucv\/#breadcrumb"},"inLanguage":"en-US","potentialAction":[{"@type":"ReadAction","target":["https:\/\/lassalinas.cl\/en\/las-salinas-in-webinar-organized-by-emv-and-pucv\/"]}]},{"@type":"ImageObject","inLanguage":"en-US","@id":"https:\/\/lassalinas.cl\/en\/las-salinas-in-webinar-organized-by-emv-and-pucv\/#primaryimage","url":"https:\/\/lassalinas.cl\/wp-content\/uploads\/2024\/10\/Afiche-webinar-pequeno.avif","contentUrl":"https:\/\/lassalinas.cl\/wp-content\/uploads\/2024\/10\/Afiche-webinar-pequeno.avif","width":870,"height":651},{"@type":"BreadcrumbList","@id":"https:\/\/lassalinas.cl\/en\/las-salinas-in-webinar-organized-by-emv-and-pucv\/#breadcrumb","itemListElement":[{"@type":"ListItem","position":1,"name":"Portada","item":"https:\/\/lassalinas.cl\/en\/"},{"@type":"ListItem","position":2,"name":"Las Salinas in webinar organized by EMV and PUCV"}]},{"@type":"WebSite","@id":"https:\/\/lassalinas.cl\/en\/#website","url":"https:\/\/lassalinas.cl\/en\/","name":"Las Salinas","description":"Impulsando un Vi\u00f1a del Mar m\u00e1s sustentable","potentialAction":[{"@type":"SearchAction","target":{"@type":"EntryPoint","urlTemplate":"https:\/\/lassalinas.cl\/en\/?s={search_term_string}"},"query-input":{"@type":"PropertyValueSpecification","valueRequired":true,"valueName":"search_term_string"}}],"inLanguage":"en-US"},{"@type":"Person","@id":"https:\/\/lassalinas.cl\/en\/#\/schema\/person\/2cb28f17281d978c10ff80bf255768a9","name":"test_n6zg78","sameAs":["https:\/\/lassalinas.cl"],"url":"https:\/\/lassalinas.cl\/en\/author\/test_n6zg78\/"}]}},"_links":{"self":[{"href":"https:\/\/lassalinas.cl\/en\/wp-json\/wp\/v2\/posts\/3843","targetHints":{"allow":["GET"]}}],"collection":[{"href":"https:\/\/lassalinas.cl\/en\/wp-json\/wp\/v2\/posts"}],"about":[{"href":"https:\/\/lassalinas.cl\/en\/wp-json\/wp\/v2\/types\/post"}],"author":[{"embeddable":true,"href":"https:\/\/lassalinas.cl\/en\/wp-json\/wp\/v2\/users\/1"}],"replies":[{"embeddable":true,"href":"https:\/\/lassalinas.cl\/en\/wp-json\/wp\/v2\/comments?post=3843"}],"version-history":[{"count":0,"href":"https:\/\/lassalinas.cl\/en\/wp-json\/wp\/v2\/posts\/3843\/revisions"}],"wp:featuredmedia":[{"embeddable":true,"href":"https:\/\/lassalinas.cl\/en\/wp-json\/wp\/v2\/media\/1043"}],"wp:attachment":[{"href":"https:\/\/lassalinas.cl\/en\/wp-json\/wp\/v2\/media?parent=3843"}],"wp:term":[{"taxonomy":"category","embeddable":true,"href":"https:\/\/lassalinas.cl\/en\/wp-json\/wp\/v2\/categories?post=3843"},{"taxonomy":"post_tag","embeddable":true,"href":"https:\/\/lassalinas.cl\/en\/wp-json\/wp\/v2\/tags?post=3843"}],"curies":[{"name":"wp","href":"https:\/\/api.w.org\/{rel}","templated":true}]}}