{"id":3859,"date":"2020-01-27T00:00:00","date_gmt":"2020-01-27T00:00:00","guid":{"rendered":"https:\/\/lassalinas.cl\/sin-categorizar\/walking-the-streets-of-santa-ines\/"},"modified":"2020-01-27T00:00:00","modified_gmt":"2020-01-27T00:00:00","slug":"walking-the-streets-of-santa-ines","status":"publish","type":"post","link":"https:\/\/lassalinas.cl\/en\/walking-the-streets-of-santa-ines\/","title":{"rendered":"Walking the streets of Santa In\u00e9s"},"content":{"rendered":"<p>The Santa In\u00e9s neighborhood is located in a strategic sector of downtown Vi\u00f1a del Mar. Here, housing was built for the families of workers and technicians who were attracted by the industrial development of the city; workers from the Gratry, Ambrosoli, Italmar, and Sedamar factories, among others, lived there. Today there are houses for municipal employees, a variety of self-built housing and housing complexes managed by community organizations. Four towers were built before it was declared a historic conservation area in 2015. The sector is surrounded by vegetation, thanks to the northern ravine of the Navy farm and the Sausalito Park, and the connection with the coastline at the height of Los Marineros beach is in the Las Salinas sector. Its configuration around the square is a bit like Cerro Placeres in Valpara\u00edso and also has something of Cerro Castillo, especially for its location in the context of the new urban centralities of Vi\u00f1a. Close to Libertad Street, the mall, some restaurants, the new bank branches, Fonasa, isapres, automobile companies and university campuses. The sector has good transportation. In the center, four bus lines run along 21 Norte Street and it is surrounded by major roads, Alessandri Avenue to the west and north, Quillota Street that connects with G\u00f3mez Carre\u00f1o to the east and Conc\u00f3n Avenue to the south, which is the main commercial street and has a high vehicular flow; all the buses that drop you off at the plan at 15 Norte Street, near where the fair is held on Wednesdays and Saturdays, go down this street. The Santiago Cabrera sector is very winding, the streets go up, down to the square and then back up again. Here the neighborhood council has a tango club and has a well-established headquarters. In this sector is the Pedro Aguirre Cerda school, the Angamos sports club, founded in 1934, which has a synthetic grass field and a soccer school that operates on Saturdays from 10 am to 2 pm. If you walk up Conc\u00f3n street, you pass the San Sebasti\u00e1n bakery, the Paris butcher shop and La Veguita, where they sell vegetables. Before you meet the old road to Quillota on the way there are several mechanical workshops. There you will find the cemetery and, further down, the pedagogical center of the Catholic University, a large campus that borders the Sausalito park and the Ruben Castro school. One of the most interesting things was to find the Cooperativa de Ahorro y Cr\u00e9dito Santa In\u00e9s, COOMPACSI, which has more than 9,000 members. Fort\u00edn Santa In\u00e9s, a gymnasium located on 20 North Street, in front of the plaza and next to the church, has an important group of girls who practice skating and rehearse several times a week. The potential of Santa In\u00e9s lies in the organization of its neighbors, who have managed to maintain traditions, emblematic places, cleanliness and safety in its streets. When walking along the main roads, people greet each other and listen to the classic mix of music on the radio. <\/p>\n","protected":false},"excerpt":{"rendered":"<p>The Santa In\u00e9s neighborhood is located in a strategic sector of downtown Vi\u00f1a del Mar. Here, housing was built for the families of workers and technicians who were attracted by the industrial development of the city; workers from the Gratry, Ambrosoli, Italmar, and Sedamar factories, among others, lived there. Today there are houses for municipal [&hellip;]<\/p>\n","protected":false},"author":1,"featured_media":1001,"comment_status":"closed","ping_status":"closed","sticky":false,"template":"","format":"standard","meta":{"footnotes":""},"categories":[82],"tags":[90],"class_list":["post-3859","post","type-post","status-publish","format-standard","has-post-thumbnail","hentry","category-publications-and-media","tag-publications-and-media"],"yoast_head":"<!-- This site is optimized with the Yoast SEO plugin v27.3 - https:\/\/yoast.com\/product\/yoast-seo-wordpress\/ -->\n<title>Walking the streets of Santa In\u00e9s - Las Salinas<\/title>\n<meta name=\"description\" content=\"Descubre c\u00f3mo estamos recuperando un espacio emblem\u00e1tico para la ciudad a trav\u00e9s del saneamiento de suelos contaminados.\" \/>\n<meta name=\"robots\" content=\"index, follow, max-snippet:-1, max-image-preview:large, max-video-preview:-1\" \/>\n<link rel=\"canonical\" href=\"https:\/\/lassalinas.cl\/en\/walking-the-streets-of-santa-ines\/\" \/>\n<meta property=\"og:locale\" content=\"en_US\" \/>\n<meta property=\"og:type\" content=\"article\" \/>\n<meta property=\"og:title\" content=\"Walking the streets of Santa In\u00e9s - Las Salinas\" \/>\n<meta property=\"og:description\" content=\"Descubre c\u00f3mo estamos recuperando un espacio emblem\u00e1tico para la ciudad a trav\u00e9s del saneamiento de suelos contaminados.\" \/>\n<meta property=\"og:url\" content=\"https:\/\/lassalinas.cl\/en\/walking-the-streets-of-santa-ines\/\" \/>\n<meta property=\"og:site_name\" content=\"Las Salinas\" \/>\n<meta property=\"article:publisher\" content=\"https:\/\/web.facebook.com\/somoslassalinas\" \/>\n<meta property=\"article:published_time\" content=\"2020-01-27T00:00:00+00:00\" \/>\n<meta property=\"og:image\" content=\"https:\/\/lassalinas.cl\/wp-content\/uploads\/2024\/10\/745507d3-8b55-4055-a149-f9d8b398b7b9-e1587432929604.jpg\" \/>\n\t<meta property=\"og:image:width\" content=\"1\" \/>\n\t<meta property=\"og:image:height\" content=\"1\" \/>\n\t<meta property=\"og:image:type\" content=\"image\/jpeg\" \/>\n<meta name=\"author\" content=\"test_n6zg78\" \/>\n<meta name=\"twitter:card\" content=\"summary_large_image\" \/>\n<meta name=\"twitter:creator\" content=\"@SomosLasSalinas\" \/>\n<meta name=\"twitter:site\" content=\"@SomosLasSalinas\" \/>\n<meta name=\"twitter:label1\" content=\"Written by\" \/>\n\t<meta name=\"twitter:data1\" content=\"test_n6zg78\" \/>\n\t<meta name=\"twitter:label2\" content=\"Est. reading time\" \/>\n\t<meta name=\"twitter:data2\" content=\"3 minutes\" \/>\n<script type=\"application\/ld+json\" class=\"yoast-schema-graph\">{\"@context\":\"https:\\\/\\\/schema.org\",\"@graph\":[{\"@type\":\"Article\",\"@id\":\"https:\\\/\\\/lassalinas.cl\\\/en\\\/walking-the-streets-of-santa-ines\\\/#article\",\"isPartOf\":{\"@id\":\"https:\\\/\\\/lassalinas.cl\\\/en\\\/walking-the-streets-of-santa-ines\\\/\"},\"author\":{\"name\":\"test_n6zg78\",\"@id\":\"https:\\\/\\\/lassalinas.cl\\\/en\\\/#\\\/schema\\\/person\\\/2cb28f17281d978c10ff80bf255768a9\"},\"headline\":\"Walking the streets of Santa In\u00e9s\",\"datePublished\":\"2020-01-27T00:00:00+00:00\",\"mainEntityOfPage\":{\"@id\":\"https:\\\/\\\/lassalinas.cl\\\/en\\\/walking-the-streets-of-santa-ines\\\/\"},\"wordCount\":515,\"image\":{\"@id\":\"https:\\\/\\\/lassalinas.cl\\\/en\\\/walking-the-streets-of-santa-ines\\\/#primaryimage\"},\"thumbnailUrl\":\"https:\\\/\\\/lassalinas.cl\\\/wp-content\\\/uploads\\\/2024\\\/10\\\/745507d3-8b55-4055-a149-f9d8b398b7b9-e1587432929604.avif\",\"keywords\":[\"Publications and media\"],\"articleSection\":[\"Publications and Media\"],\"inLanguage\":\"en-US\"},{\"@type\":[\"WebPage\",\"ItemPage\"],\"@id\":\"https:\\\/\\\/lassalinas.cl\\\/en\\\/walking-the-streets-of-santa-ines\\\/\",\"url\":\"https:\\\/\\\/lassalinas.cl\\\/en\\\/walking-the-streets-of-santa-ines\\\/\",\"name\":\"Walking the streets of Santa In\u00e9s - Las Salinas\",\"isPartOf\":{\"@id\":\"https:\\\/\\\/lassalinas.cl\\\/en\\\/#website\"},\"primaryImageOfPage\":{\"@id\":\"https:\\\/\\\/lassalinas.cl\\\/en\\\/walking-the-streets-of-santa-ines\\\/#primaryimage\"},\"image\":{\"@id\":\"https:\\\/\\\/lassalinas.cl\\\/en\\\/walking-the-streets-of-santa-ines\\\/#primaryimage\"},\"thumbnailUrl\":\"https:\\\/\\\/lassalinas.cl\\\/wp-content\\\/uploads\\\/2024\\\/10\\\/745507d3-8b55-4055-a149-f9d8b398b7b9-e1587432929604.avif\",\"datePublished\":\"2020-01-27T00:00:00+00:00\",\"author\":{\"@id\":\"https:\\\/\\\/lassalinas.cl\\\/en\\\/#\\\/schema\\\/person\\\/2cb28f17281d978c10ff80bf255768a9\"},\"description\":\"Descubre c\u00f3mo estamos recuperando un espacio emblem\u00e1tico para la ciudad a trav\u00e9s del saneamiento de suelos contaminados.\",\"breadcrumb\":{\"@id\":\"https:\\\/\\\/lassalinas.cl\\\/en\\\/walking-the-streets-of-santa-ines\\\/#breadcrumb\"},\"inLanguage\":\"en-US\",\"potentialAction\":[{\"@type\":\"ReadAction\",\"target\":[\"https:\\\/\\\/lassalinas.cl\\\/en\\\/walking-the-streets-of-santa-ines\\\/\"]}]},{\"@type\":\"ImageObject\",\"inLanguage\":\"en-US\",\"@id\":\"https:\\\/\\\/lassalinas.cl\\\/en\\\/walking-the-streets-of-santa-ines\\\/#primaryimage\",\"url\":\"https:\\\/\\\/lassalinas.cl\\\/wp-content\\\/uploads\\\/2024\\\/10\\\/745507d3-8b55-4055-a149-f9d8b398b7b9-e1587432929604.avif\",\"contentUrl\":\"https:\\\/\\\/lassalinas.cl\\\/wp-content\\\/uploads\\\/2024\\\/10\\\/745507d3-8b55-4055-a149-f9d8b398b7b9-e1587432929604.avif\",\"width\":421,\"height\":316},{\"@type\":\"BreadcrumbList\",\"@id\":\"https:\\\/\\\/lassalinas.cl\\\/en\\\/walking-the-streets-of-santa-ines\\\/#breadcrumb\",\"itemListElement\":[{\"@type\":\"ListItem\",\"position\":1,\"name\":\"Portada\",\"item\":\"https:\\\/\\\/lassalinas.cl\\\/en\\\/\"},{\"@type\":\"ListItem\",\"position\":2,\"name\":\"Walking the streets of Santa In\u00e9s\"}]},{\"@type\":\"WebSite\",\"@id\":\"https:\\\/\\\/lassalinas.cl\\\/en\\\/#website\",\"url\":\"https:\\\/\\\/lassalinas.cl\\\/en\\\/\",\"name\":\"Las Salinas\",\"description\":\"Impulsando un Vi\u00f1a del Mar m\u00e1s sustentable\",\"potentialAction\":[{\"@type\":\"SearchAction\",\"target\":{\"@type\":\"EntryPoint\",\"urlTemplate\":\"https:\\\/\\\/lassalinas.cl\\\/en\\\/?s={search_term_string}\"},\"query-input\":{\"@type\":\"PropertyValueSpecification\",\"valueRequired\":true,\"valueName\":\"search_term_string\"}}],\"inLanguage\":\"en-US\"},{\"@type\":\"Person\",\"@id\":\"https:\\\/\\\/lassalinas.cl\\\/en\\\/#\\\/schema\\\/person\\\/2cb28f17281d978c10ff80bf255768a9\",\"name\":\"test_n6zg78\",\"sameAs\":[\"https:\\\/\\\/lassalinas.cl\"],\"url\":\"https:\\\/\\\/lassalinas.cl\\\/en\\\/author\\\/test_n6zg78\\\/\"}]}<\/script>\n<!-- \/ Yoast SEO plugin. -->","yoast_head_json":{"title":"Walking the streets of Santa In\u00e9s - Las Salinas","description":"Descubre c\u00f3mo estamos recuperando un espacio emblem\u00e1tico para la ciudad a trav\u00e9s del saneamiento de suelos contaminados.","robots":{"index":"index","follow":"follow","max-snippet":"max-snippet:-1","max-image-preview":"max-image-preview:large","max-video-preview":"max-video-preview:-1"},"canonical":"https:\/\/lassalinas.cl\/en\/walking-the-streets-of-santa-ines\/","og_locale":"en_US","og_type":"article","og_title":"Walking the streets of Santa In\u00e9s - Las Salinas","og_description":"Descubre c\u00f3mo estamos recuperando un espacio emblem\u00e1tico para la ciudad a trav\u00e9s del saneamiento de suelos contaminados.","og_url":"https:\/\/lassalinas.cl\/en\/walking-the-streets-of-santa-ines\/","og_site_name":"Las Salinas","article_publisher":"https:\/\/web.facebook.com\/somoslassalinas","article_published_time":"2020-01-27T00:00:00+00:00","og_image":[{"url":"https:\/\/lassalinas.cl\/wp-content\/uploads\/2024\/10\/745507d3-8b55-4055-a149-f9d8b398b7b9-e1587432929604.jpg","width":1,"height":1,"type":"image\/jpeg"}],"author":"test_n6zg78","twitter_card":"summary_large_image","twitter_creator":"@SomosLasSalinas","twitter_site":"@SomosLasSalinas","twitter_misc":{"Written by":"test_n6zg78","Est. reading time":"3 minutes"},"schema":{"@context":"https:\/\/schema.org","@graph":[{"@type":"Article","@id":"https:\/\/lassalinas.cl\/en\/walking-the-streets-of-santa-ines\/#article","isPartOf":{"@id":"https:\/\/lassalinas.cl\/en\/walking-the-streets-of-santa-ines\/"},"author":{"name":"test_n6zg78","@id":"https:\/\/lassalinas.cl\/en\/#\/schema\/person\/2cb28f17281d978c10ff80bf255768a9"},"headline":"Walking the streets of Santa In\u00e9s","datePublished":"2020-01-27T00:00:00+00:00","mainEntityOfPage":{"@id":"https:\/\/lassalinas.cl\/en\/walking-the-streets-of-santa-ines\/"},"wordCount":515,"image":{"@id":"https:\/\/lassalinas.cl\/en\/walking-the-streets-of-santa-ines\/#primaryimage"},"thumbnailUrl":"https:\/\/lassalinas.cl\/wp-content\/uploads\/2024\/10\/745507d3-8b55-4055-a149-f9d8b398b7b9-e1587432929604.avif","keywords":["Publications and media"],"articleSection":["Publications and Media"],"inLanguage":"en-US"},{"@type":["WebPage","ItemPage"],"@id":"https:\/\/lassalinas.cl\/en\/walking-the-streets-of-santa-ines\/","url":"https:\/\/lassalinas.cl\/en\/walking-the-streets-of-santa-ines\/","name":"Walking the streets of Santa In\u00e9s - Las Salinas","isPartOf":{"@id":"https:\/\/lassalinas.cl\/en\/#website"},"primaryImageOfPage":{"@id":"https:\/\/lassalinas.cl\/en\/walking-the-streets-of-santa-ines\/#primaryimage"},"image":{"@id":"https:\/\/lassalinas.cl\/en\/walking-the-streets-of-santa-ines\/#primaryimage"},"thumbnailUrl":"https:\/\/lassalinas.cl\/wp-content\/uploads\/2024\/10\/745507d3-8b55-4055-a149-f9d8b398b7b9-e1587432929604.avif","datePublished":"2020-01-27T00:00:00+00:00","author":{"@id":"https:\/\/lassalinas.cl\/en\/#\/schema\/person\/2cb28f17281d978c10ff80bf255768a9"},"description":"Descubre c\u00f3mo estamos recuperando un espacio emblem\u00e1tico para la ciudad a trav\u00e9s del saneamiento de suelos contaminados.","breadcrumb":{"@id":"https:\/\/lassalinas.cl\/en\/walking-the-streets-of-santa-ines\/#breadcrumb"},"inLanguage":"en-US","potentialAction":[{"@type":"ReadAction","target":["https:\/\/lassalinas.cl\/en\/walking-the-streets-of-santa-ines\/"]}]},{"@type":"ImageObject","inLanguage":"en-US","@id":"https:\/\/lassalinas.cl\/en\/walking-the-streets-of-santa-ines\/#primaryimage","url":"https:\/\/lassalinas.cl\/wp-content\/uploads\/2024\/10\/745507d3-8b55-4055-a149-f9d8b398b7b9-e1587432929604.avif","contentUrl":"https:\/\/lassalinas.cl\/wp-content\/uploads\/2024\/10\/745507d3-8b55-4055-a149-f9d8b398b7b9-e1587432929604.avif","width":421,"height":316},{"@type":"BreadcrumbList","@id":"https:\/\/lassalinas.cl\/en\/walking-the-streets-of-santa-ines\/#breadcrumb","itemListElement":[{"@type":"ListItem","position":1,"name":"Portada","item":"https:\/\/lassalinas.cl\/en\/"},{"@type":"ListItem","position":2,"name":"Walking the streets of Santa In\u00e9s"}]},{"@type":"WebSite","@id":"https:\/\/lassalinas.cl\/en\/#website","url":"https:\/\/lassalinas.cl\/en\/","name":"Las Salinas","description":"Impulsando un Vi\u00f1a del Mar m\u00e1s sustentable","potentialAction":[{"@type":"SearchAction","target":{"@type":"EntryPoint","urlTemplate":"https:\/\/lassalinas.cl\/en\/?s={search_term_string}"},"query-input":{"@type":"PropertyValueSpecification","valueRequired":true,"valueName":"search_term_string"}}],"inLanguage":"en-US"},{"@type":"Person","@id":"https:\/\/lassalinas.cl\/en\/#\/schema\/person\/2cb28f17281d978c10ff80bf255768a9","name":"test_n6zg78","sameAs":["https:\/\/lassalinas.cl"],"url":"https:\/\/lassalinas.cl\/en\/author\/test_n6zg78\/"}]}},"_links":{"self":[{"href":"https:\/\/lassalinas.cl\/en\/wp-json\/wp\/v2\/posts\/3859","targetHints":{"allow":["GET"]}}],"collection":[{"href":"https:\/\/lassalinas.cl\/en\/wp-json\/wp\/v2\/posts"}],"about":[{"href":"https:\/\/lassalinas.cl\/en\/wp-json\/wp\/v2\/types\/post"}],"author":[{"embeddable":true,"href":"https:\/\/lassalinas.cl\/en\/wp-json\/wp\/v2\/users\/1"}],"replies":[{"embeddable":true,"href":"https:\/\/lassalinas.cl\/en\/wp-json\/wp\/v2\/comments?post=3859"}],"version-history":[{"count":0,"href":"https:\/\/lassalinas.cl\/en\/wp-json\/wp\/v2\/posts\/3859\/revisions"}],"wp:featuredmedia":[{"embeddable":true,"href":"https:\/\/lassalinas.cl\/en\/wp-json\/wp\/v2\/media\/1001"}],"wp:attachment":[{"href":"https:\/\/lassalinas.cl\/en\/wp-json\/wp\/v2\/media?parent=3859"}],"wp:term":[{"taxonomy":"category","embeddable":true,"href":"https:\/\/lassalinas.cl\/en\/wp-json\/wp\/v2\/categories?post=3859"},{"taxonomy":"post_tag","embeddable":true,"href":"https:\/\/lassalinas.cl\/en\/wp-json\/wp\/v2\/tags?post=3859"}],"curies":[{"name":"wp","href":"https:\/\/api.w.org\/{rel}","templated":true}]}}