{"id":3865,"date":"2019-09-15T00:00:00","date_gmt":"2019-09-15T00:00:00","guid":{"rendered":"https:\/\/lassalinas.cl\/sin-categorizar\/michael-seeger-is-a-member-of-the-organizing-committee-of-the-first-isme-latin-america-congress\/"},"modified":"2019-09-15T00:00:00","modified_gmt":"2019-09-15T00:00:00","slug":"michael-seeger-is-a-member-of-the-organizing-committee-of-the-first-isme-latin-america-congress","status":"publish","type":"post","link":"https:\/\/lassalinas.cl\/en\/michael-seeger-is-a-member-of-the-organizing-committee-of-the-first-isme-latin-america-congress\/","title":{"rendered":"Michael Seeger is a member of the organizing committee of the First ISME Latin America Congress."},"content":{"rendered":"<p>Dr. Michael Seeger, member of the scientific committee of Las Salinas and academic of the Department of Chemistry of the Universidad T\u00e9cnica Federico Santa Mar\u00eda, participated as co-chair of the organizing committee of the First ISME Latin America Congress, held at the Universidad T\u00e9cnica Federico Santa Mar\u00eda, in Valpara\u00edso. The Congress, held between September 11 and 13, brought together around 400 scientists from 23 countries to analyze topics related to the use of microorganisms to promote decontamination and agriculture. The event was organized jointly with the Pontificia Universidad Cat\u00f3lica de Chile and the Universidad de Antofagasta, and is the first regional meeting sponsored by the International Society for Microbial Ecology (ISME). During the meeting, Professor Seeger highlighted the importance of &#8220;bioremediation, in the face of contamination situations in which microorganisms could play a very important role&#8221;. Check out more details in the following <\/p>\n","protected":false},"excerpt":{"rendered":"<p>Dr. Michael Seeger, member of the scientific committee of Las Salinas and academic of the Department of Chemistry of the Universidad T\u00e9cnica Federico Santa Mar\u00eda, participated as co-chair of the organizing committee of the First ISME Latin America Congress, held at the Universidad T\u00e9cnica Federico Santa Mar\u00eda, in Valpara\u00edso. The Congress, held between September 11 [&hellip;]<\/p>\n","protected":false},"author":1,"featured_media":992,"comment_status":"closed","ping_status":"closed","sticky":false,"template":"","format":"standard","meta":{"footnotes":""},"categories":[82],"tags":[90],"class_list":["post-3865","post","type-post","status-publish","format-standard","has-post-thumbnail","hentry","category-publications-and-media","tag-publications-and-media"],"yoast_head":"<!-- This site is optimized with the Yoast SEO plugin v27.3 - https:\/\/yoast.com\/product\/yoast-seo-wordpress\/ -->\n<title>Michael Seeger is a member of the organizing committee of the First ISME Latin America Congress. - Las Salinas<\/title>\n<meta name=\"description\" content=\"Descubre c\u00f3mo estamos recuperando un espacio emblem\u00e1tico para la ciudad a trav\u00e9s del saneamiento de suelos contaminados.\" \/>\n<meta name=\"robots\" content=\"index, follow, max-snippet:-1, max-image-preview:large, max-video-preview:-1\" \/>\n<link rel=\"canonical\" href=\"https:\/\/lassalinas.cl\/en\/michael-seeger-is-a-member-of-the-organizing-committee-of-the-first-isme-latin-america-congress\/\" \/>\n<meta property=\"og:locale\" content=\"en_US\" \/>\n<meta property=\"og:type\" content=\"article\" \/>\n<meta property=\"og:title\" content=\"Michael Seeger is a member of the organizing committee of the First ISME Latin America Congress. - Las Salinas\" \/>\n<meta property=\"og:description\" content=\"Descubre c\u00f3mo estamos recuperando un espacio emblem\u00e1tico para la ciudad a trav\u00e9s del saneamiento de suelos contaminados.\" \/>\n<meta property=\"og:url\" content=\"https:\/\/lassalinas.cl\/en\/michael-seeger-is-a-member-of-the-organizing-committee-of-the-first-isme-latin-america-congress\/\" \/>\n<meta property=\"og:site_name\" content=\"Las Salinas\" \/>\n<meta property=\"article:publisher\" content=\"https:\/\/web.facebook.com\/somoslassalinas\" \/>\n<meta property=\"article:published_time\" content=\"2019-09-15T00:00:00+00:00\" \/>\n<meta property=\"og:image\" content=\"https:\/\/lassalinas.cl\/wp-content\/uploads\/2024\/10\/Foto-nota.jpg\" \/>\n\t<meta property=\"og:image:width\" content=\"1\" \/>\n\t<meta property=\"og:image:height\" content=\"1\" \/>\n\t<meta property=\"og:image:type\" content=\"image\/jpeg\" \/>\n<meta name=\"author\" content=\"test_n6zg78\" \/>\n<meta name=\"twitter:card\" content=\"summary_large_image\" \/>\n<meta name=\"twitter:creator\" content=\"@SomosLasSalinas\" \/>\n<meta name=\"twitter:site\" content=\"@SomosLasSalinas\" \/>\n<meta name=\"twitter:label1\" content=\"Written by\" \/>\n\t<meta name=\"twitter:data1\" content=\"test_n6zg78\" \/>\n\t<meta name=\"twitter:label2\" content=\"Est. reading time\" \/>\n\t<meta name=\"twitter:data2\" content=\"1 minute\" \/>\n<script type=\"application\/ld+json\" class=\"yoast-schema-graph\">{\"@context\":\"https:\\\/\\\/schema.org\",\"@graph\":[{\"@type\":\"Article\",\"@id\":\"https:\\\/\\\/lassalinas.cl\\\/en\\\/michael-seeger-is-a-member-of-the-organizing-committee-of-the-first-isme-latin-america-congress\\\/#article\",\"isPartOf\":{\"@id\":\"https:\\\/\\\/lassalinas.cl\\\/en\\\/michael-seeger-is-a-member-of-the-organizing-committee-of-the-first-isme-latin-america-congress\\\/\"},\"author\":{\"name\":\"test_n6zg78\",\"@id\":\"https:\\\/\\\/lassalinas.cl\\\/en\\\/#\\\/schema\\\/person\\\/2cb28f17281d978c10ff80bf255768a9\"},\"headline\":\"Michael Seeger is a member of the organizing committee of the First ISME Latin America Congress.\",\"datePublished\":\"2019-09-15T00:00:00+00:00\",\"mainEntityOfPage\":{\"@id\":\"https:\\\/\\\/lassalinas.cl\\\/en\\\/michael-seeger-is-a-member-of-the-organizing-committee-of-the-first-isme-latin-america-congress\\\/\"},\"wordCount\":161,\"image\":{\"@id\":\"https:\\\/\\\/lassalinas.cl\\\/en\\\/michael-seeger-is-a-member-of-the-organizing-committee-of-the-first-isme-latin-america-congress\\\/#primaryimage\"},\"thumbnailUrl\":\"https:\\\/\\\/lassalinas.cl\\\/wp-content\\\/uploads\\\/2024\\\/10\\\/Foto-nota.avif\",\"keywords\":[\"Publications and media\"],\"articleSection\":[\"Publications and Media\"],\"inLanguage\":\"en-US\"},{\"@type\":[\"WebPage\",\"ItemPage\"],\"@id\":\"https:\\\/\\\/lassalinas.cl\\\/en\\\/michael-seeger-is-a-member-of-the-organizing-committee-of-the-first-isme-latin-america-congress\\\/\",\"url\":\"https:\\\/\\\/lassalinas.cl\\\/en\\\/michael-seeger-is-a-member-of-the-organizing-committee-of-the-first-isme-latin-america-congress\\\/\",\"name\":\"Michael Seeger is a member of the organizing committee of the First ISME Latin America Congress. - Las Salinas\",\"isPartOf\":{\"@id\":\"https:\\\/\\\/lassalinas.cl\\\/en\\\/#website\"},\"primaryImageOfPage\":{\"@id\":\"https:\\\/\\\/lassalinas.cl\\\/en\\\/michael-seeger-is-a-member-of-the-organizing-committee-of-the-first-isme-latin-america-congress\\\/#primaryimage\"},\"image\":{\"@id\":\"https:\\\/\\\/lassalinas.cl\\\/en\\\/michael-seeger-is-a-member-of-the-organizing-committee-of-the-first-isme-latin-america-congress\\\/#primaryimage\"},\"thumbnailUrl\":\"https:\\\/\\\/lassalinas.cl\\\/wp-content\\\/uploads\\\/2024\\\/10\\\/Foto-nota.avif\",\"datePublished\":\"2019-09-15T00:00:00+00:00\",\"author\":{\"@id\":\"https:\\\/\\\/lassalinas.cl\\\/en\\\/#\\\/schema\\\/person\\\/2cb28f17281d978c10ff80bf255768a9\"},\"description\":\"Descubre c\u00f3mo estamos recuperando un espacio emblem\u00e1tico para la ciudad a trav\u00e9s del saneamiento de suelos contaminados.\",\"breadcrumb\":{\"@id\":\"https:\\\/\\\/lassalinas.cl\\\/en\\\/michael-seeger-is-a-member-of-the-organizing-committee-of-the-first-isme-latin-america-congress\\\/#breadcrumb\"},\"inLanguage\":\"en-US\",\"potentialAction\":[{\"@type\":\"ReadAction\",\"target\":[\"https:\\\/\\\/lassalinas.cl\\\/en\\\/michael-seeger-is-a-member-of-the-organizing-committee-of-the-first-isme-latin-america-congress\\\/\"]}]},{\"@type\":\"ImageObject\",\"inLanguage\":\"en-US\",\"@id\":\"https:\\\/\\\/lassalinas.cl\\\/en\\\/michael-seeger-is-a-member-of-the-organizing-committee-of-the-first-isme-latin-america-congress\\\/#primaryimage\",\"url\":\"https:\\\/\\\/lassalinas.cl\\\/wp-content\\\/uploads\\\/2024\\\/10\\\/Foto-nota.avif\",\"contentUrl\":\"https:\\\/\\\/lassalinas.cl\\\/wp-content\\\/uploads\\\/2024\\\/10\\\/Foto-nota.avif\",\"width\":1024,\"height\":768},{\"@type\":\"BreadcrumbList\",\"@id\":\"https:\\\/\\\/lassalinas.cl\\\/en\\\/michael-seeger-is-a-member-of-the-organizing-committee-of-the-first-isme-latin-america-congress\\\/#breadcrumb\",\"itemListElement\":[{\"@type\":\"ListItem\",\"position\":1,\"name\":\"Portada\",\"item\":\"https:\\\/\\\/lassalinas.cl\\\/en\\\/\"},{\"@type\":\"ListItem\",\"position\":2,\"name\":\"Michael Seeger is a member of the organizing committee of the First ISME Latin America Congress.\"}]},{\"@type\":\"WebSite\",\"@id\":\"https:\\\/\\\/lassalinas.cl\\\/en\\\/#website\",\"url\":\"https:\\\/\\\/lassalinas.cl\\\/en\\\/\",\"name\":\"Las Salinas\",\"description\":\"Impulsando un Vi\u00f1a del Mar m\u00e1s sustentable\",\"potentialAction\":[{\"@type\":\"SearchAction\",\"target\":{\"@type\":\"EntryPoint\",\"urlTemplate\":\"https:\\\/\\\/lassalinas.cl\\\/en\\\/?s={search_term_string}\"},\"query-input\":{\"@type\":\"PropertyValueSpecification\",\"valueRequired\":true,\"valueName\":\"search_term_string\"}}],\"inLanguage\":\"en-US\"},{\"@type\":\"Person\",\"@id\":\"https:\\\/\\\/lassalinas.cl\\\/en\\\/#\\\/schema\\\/person\\\/2cb28f17281d978c10ff80bf255768a9\",\"name\":\"test_n6zg78\",\"sameAs\":[\"https:\\\/\\\/lassalinas.cl\"],\"url\":\"https:\\\/\\\/lassalinas.cl\\\/en\\\/author\\\/test_n6zg78\\\/\"}]}<\/script>\n<!-- \/ Yoast SEO plugin. -->","yoast_head_json":{"title":"Michael Seeger is a member of the organizing committee of the First ISME Latin America Congress. - Las Salinas","description":"Descubre c\u00f3mo estamos recuperando un espacio emblem\u00e1tico para la ciudad a trav\u00e9s del saneamiento de suelos contaminados.","robots":{"index":"index","follow":"follow","max-snippet":"max-snippet:-1","max-image-preview":"max-image-preview:large","max-video-preview":"max-video-preview:-1"},"canonical":"https:\/\/lassalinas.cl\/en\/michael-seeger-is-a-member-of-the-organizing-committee-of-the-first-isme-latin-america-congress\/","og_locale":"en_US","og_type":"article","og_title":"Michael Seeger is a member of the organizing committee of the First ISME Latin America Congress. - Las Salinas","og_description":"Descubre c\u00f3mo estamos recuperando un espacio emblem\u00e1tico para la ciudad a trav\u00e9s del saneamiento de suelos contaminados.","og_url":"https:\/\/lassalinas.cl\/en\/michael-seeger-is-a-member-of-the-organizing-committee-of-the-first-isme-latin-america-congress\/","og_site_name":"Las Salinas","article_publisher":"https:\/\/web.facebook.com\/somoslassalinas","article_published_time":"2019-09-15T00:00:00+00:00","og_image":[{"url":"https:\/\/lassalinas.cl\/wp-content\/uploads\/2024\/10\/Foto-nota.jpg","width":1,"height":1,"type":"image\/jpeg"}],"author":"test_n6zg78","twitter_card":"summary_large_image","twitter_creator":"@SomosLasSalinas","twitter_site":"@SomosLasSalinas","twitter_misc":{"Written by":"test_n6zg78","Est. reading time":"1 minute"},"schema":{"@context":"https:\/\/schema.org","@graph":[{"@type":"Article","@id":"https:\/\/lassalinas.cl\/en\/michael-seeger-is-a-member-of-the-organizing-committee-of-the-first-isme-latin-america-congress\/#article","isPartOf":{"@id":"https:\/\/lassalinas.cl\/en\/michael-seeger-is-a-member-of-the-organizing-committee-of-the-first-isme-latin-america-congress\/"},"author":{"name":"test_n6zg78","@id":"https:\/\/lassalinas.cl\/en\/#\/schema\/person\/2cb28f17281d978c10ff80bf255768a9"},"headline":"Michael Seeger is a member of the organizing committee of the First ISME Latin America Congress.","datePublished":"2019-09-15T00:00:00+00:00","mainEntityOfPage":{"@id":"https:\/\/lassalinas.cl\/en\/michael-seeger-is-a-member-of-the-organizing-committee-of-the-first-isme-latin-america-congress\/"},"wordCount":161,"image":{"@id":"https:\/\/lassalinas.cl\/en\/michael-seeger-is-a-member-of-the-organizing-committee-of-the-first-isme-latin-america-congress\/#primaryimage"},"thumbnailUrl":"https:\/\/lassalinas.cl\/wp-content\/uploads\/2024\/10\/Foto-nota.avif","keywords":["Publications and media"],"articleSection":["Publications and Media"],"inLanguage":"en-US"},{"@type":["WebPage","ItemPage"],"@id":"https:\/\/lassalinas.cl\/en\/michael-seeger-is-a-member-of-the-organizing-committee-of-the-first-isme-latin-america-congress\/","url":"https:\/\/lassalinas.cl\/en\/michael-seeger-is-a-member-of-the-organizing-committee-of-the-first-isme-latin-america-congress\/","name":"Michael Seeger is a member of the organizing committee of the First ISME Latin America Congress. - Las Salinas","isPartOf":{"@id":"https:\/\/lassalinas.cl\/en\/#website"},"primaryImageOfPage":{"@id":"https:\/\/lassalinas.cl\/en\/michael-seeger-is-a-member-of-the-organizing-committee-of-the-first-isme-latin-america-congress\/#primaryimage"},"image":{"@id":"https:\/\/lassalinas.cl\/en\/michael-seeger-is-a-member-of-the-organizing-committee-of-the-first-isme-latin-america-congress\/#primaryimage"},"thumbnailUrl":"https:\/\/lassalinas.cl\/wp-content\/uploads\/2024\/10\/Foto-nota.avif","datePublished":"2019-09-15T00:00:00+00:00","author":{"@id":"https:\/\/lassalinas.cl\/en\/#\/schema\/person\/2cb28f17281d978c10ff80bf255768a9"},"description":"Descubre c\u00f3mo estamos recuperando un espacio emblem\u00e1tico para la ciudad a trav\u00e9s del saneamiento de suelos contaminados.","breadcrumb":{"@id":"https:\/\/lassalinas.cl\/en\/michael-seeger-is-a-member-of-the-organizing-committee-of-the-first-isme-latin-america-congress\/#breadcrumb"},"inLanguage":"en-US","potentialAction":[{"@type":"ReadAction","target":["https:\/\/lassalinas.cl\/en\/michael-seeger-is-a-member-of-the-organizing-committee-of-the-first-isme-latin-america-congress\/"]}]},{"@type":"ImageObject","inLanguage":"en-US","@id":"https:\/\/lassalinas.cl\/en\/michael-seeger-is-a-member-of-the-organizing-committee-of-the-first-isme-latin-america-congress\/#primaryimage","url":"https:\/\/lassalinas.cl\/wp-content\/uploads\/2024\/10\/Foto-nota.avif","contentUrl":"https:\/\/lassalinas.cl\/wp-content\/uploads\/2024\/10\/Foto-nota.avif","width":1024,"height":768},{"@type":"BreadcrumbList","@id":"https:\/\/lassalinas.cl\/en\/michael-seeger-is-a-member-of-the-organizing-committee-of-the-first-isme-latin-america-congress\/#breadcrumb","itemListElement":[{"@type":"ListItem","position":1,"name":"Portada","item":"https:\/\/lassalinas.cl\/en\/"},{"@type":"ListItem","position":2,"name":"Michael Seeger is a member of the organizing committee of the First ISME Latin America Congress."}]},{"@type":"WebSite","@id":"https:\/\/lassalinas.cl\/en\/#website","url":"https:\/\/lassalinas.cl\/en\/","name":"Las Salinas","description":"Impulsando un Vi\u00f1a del Mar m\u00e1s sustentable","potentialAction":[{"@type":"SearchAction","target":{"@type":"EntryPoint","urlTemplate":"https:\/\/lassalinas.cl\/en\/?s={search_term_string}"},"query-input":{"@type":"PropertyValueSpecification","valueRequired":true,"valueName":"search_term_string"}}],"inLanguage":"en-US"},{"@type":"Person","@id":"https:\/\/lassalinas.cl\/en\/#\/schema\/person\/2cb28f17281d978c10ff80bf255768a9","name":"test_n6zg78","sameAs":["https:\/\/lassalinas.cl"],"url":"https:\/\/lassalinas.cl\/en\/author\/test_n6zg78\/"}]}},"_links":{"self":[{"href":"https:\/\/lassalinas.cl\/en\/wp-json\/wp\/v2\/posts\/3865","targetHints":{"allow":["GET"]}}],"collection":[{"href":"https:\/\/lassalinas.cl\/en\/wp-json\/wp\/v2\/posts"}],"about":[{"href":"https:\/\/lassalinas.cl\/en\/wp-json\/wp\/v2\/types\/post"}],"author":[{"embeddable":true,"href":"https:\/\/lassalinas.cl\/en\/wp-json\/wp\/v2\/users\/1"}],"replies":[{"embeddable":true,"href":"https:\/\/lassalinas.cl\/en\/wp-json\/wp\/v2\/comments?post=3865"}],"version-history":[{"count":0,"href":"https:\/\/lassalinas.cl\/en\/wp-json\/wp\/v2\/posts\/3865\/revisions"}],"wp:featuredmedia":[{"embeddable":true,"href":"https:\/\/lassalinas.cl\/en\/wp-json\/wp\/v2\/media\/992"}],"wp:attachment":[{"href":"https:\/\/lassalinas.cl\/en\/wp-json\/wp\/v2\/media?parent=3865"}],"wp:term":[{"taxonomy":"category","embeddable":true,"href":"https:\/\/lassalinas.cl\/en\/wp-json\/wp\/v2\/categories?post=3865"},{"taxonomy":"post_tag","embeddable":true,"href":"https:\/\/lassalinas.cl\/en\/wp-json\/wp\/v2\/tags?post=3865"}],"curies":[{"name":"wp","href":"https:\/\/api.w.org\/{rel}","templated":true}]}}