{"id":3915,"date":"2015-10-13T00:00:00","date_gmt":"2015-10-13T00:00:00","guid":{"rendered":"https:\/\/lassalinas.cl\/sin-categorizar\/sasaki-avant-garde-urban-design-for-las-salinas\/"},"modified":"2015-10-13T00:00:00","modified_gmt":"2015-10-13T00:00:00","slug":"sasaki-avant-garde-urban-design-for-las-salinas","status":"publish","type":"post","link":"https:\/\/lassalinas.cl\/en\/sasaki-avant-garde-urban-design-for-las-salinas\/","title":{"rendered":"Sasaki, avant-garde urban design for Las Salinas"},"content":{"rendered":"<p>Sasaki was born in Boston in 1953. Its founder, Hideo Sasaki, was a renowned architect, planner and teacher, a pioneer in interdisciplinary planning and design concepts. From its origins, he permeated the firm with a holistic vision of architecture, which states that every urban project must be approached considering its cultural, historical, geographic, environmental, social and economic contexts. Today, Sasaki Associates has a multidisciplinary team of more than 200 professionals of 35 nationalities and belonging to various fields of knowledge, which reflects its global outlook. Its specialties include a diversity of services, including architecture, interior design, planning, urban design, landscape architecture, strategic planning, civil engineering and graphic design. Some of the firm&#8217;s most notable projects include the Beijing Olympic City, the Wilmington Waterfront Park in Los Angeles and the Master Plan for the Houston Energy Corridor District, among many others. In Chile, Sasaki is leading a group of national and international specialists in the design process of the Master Plan for the Las Salinas site, which aspires to become the country&#8217;s first sustainable neighborhood. Sasaki put Dennis Pieprz, a professional with more than 25 years of experience in urban design, at the helm of the project. UC Davis Gallagher School of Management<br \/>\nLocation: Davis, California<br \/>\nArchitect: Sasaki &amp; Associates For more information about Sasaki Associates, please visit their website.  <\/p>\n","protected":false},"excerpt":{"rendered":"<p>Sasaki was born in Boston in 1953. Its founder, Hideo Sasaki, was a renowned architect, planner and teacher, a pioneer in interdisciplinary planning and design concepts. From its origins, he permeated the firm with a holistic vision of architecture, which states that every urban project must be approached considering its cultural, historical, geographic, environmental, social [&hellip;]<\/p>\n","protected":false},"author":1,"featured_media":928,"comment_status":"closed","ping_status":"closed","sticky":false,"template":"","format":"standard","meta":{"footnotes":""},"categories":[82,87],"tags":[90],"class_list":["post-3915","post","type-post","status-publish","format-standard","has-post-thumbnail","hentry","category-publications-and-media","category-urban-process","tag-publications-and-media"],"yoast_head":"<!-- This site is optimized with the Yoast SEO plugin v27.3 - https:\/\/yoast.com\/product\/yoast-seo-wordpress\/ -->\n<title>Sasaki, avant-garde urban design for Las Salinas - Las Salinas<\/title>\n<meta name=\"description\" content=\"Descubre c\u00f3mo estamos recuperando un espacio emblem\u00e1tico para la ciudad a trav\u00e9s del saneamiento de suelos contaminados.\" \/>\n<meta name=\"robots\" content=\"index, follow, max-snippet:-1, max-image-preview:large, max-video-preview:-1\" \/>\n<link rel=\"canonical\" href=\"https:\/\/lassalinas.cl\/en\/sasaki-avant-garde-urban-design-for-las-salinas\/\" \/>\n<meta property=\"og:locale\" content=\"en_US\" \/>\n<meta property=\"og:type\" content=\"article\" \/>\n<meta property=\"og:title\" content=\"Sasaki, avant-garde urban design for Las Salinas - Las Salinas\" \/>\n<meta property=\"og:description\" content=\"Descubre c\u00f3mo estamos recuperando un espacio emblem\u00e1tico para la ciudad a trav\u00e9s del saneamiento de suelos contaminados.\" \/>\n<meta property=\"og:url\" content=\"https:\/\/lassalinas.cl\/en\/sasaki-avant-garde-urban-design-for-las-salinas\/\" \/>\n<meta property=\"og:site_name\" content=\"Las Salinas\" \/>\n<meta property=\"article:publisher\" content=\"https:\/\/web.facebook.com\/somoslassalinas\" \/>\n<meta property=\"article:published_time\" content=\"2015-10-13T00:00:00+00:00\" \/>\n<meta property=\"og:image\" content=\"https:\/\/lassalinas.cl\/wp-content\/uploads\/2024\/10\/00-Sasaki-People.jpg\" \/>\n\t<meta property=\"og:image:width\" content=\"1\" \/>\n\t<meta property=\"og:image:height\" content=\"1\" \/>\n\t<meta property=\"og:image:type\" content=\"image\/jpeg\" \/>\n<meta name=\"author\" content=\"test_n6zg78\" \/>\n<meta name=\"twitter:card\" content=\"summary_large_image\" \/>\n<meta name=\"twitter:creator\" content=\"@SomosLasSalinas\" \/>\n<meta name=\"twitter:site\" content=\"@SomosLasSalinas\" \/>\n<meta name=\"twitter:label1\" content=\"Written by\" \/>\n\t<meta name=\"twitter:data1\" content=\"test_n6zg78\" \/>\n\t<meta name=\"twitter:label2\" content=\"Est. reading time\" \/>\n\t<meta name=\"twitter:data2\" content=\"1 minute\" \/>\n<script type=\"application\/ld+json\" class=\"yoast-schema-graph\">{\"@context\":\"https:\\\/\\\/schema.org\",\"@graph\":[{\"@type\":\"Article\",\"@id\":\"https:\\\/\\\/lassalinas.cl\\\/en\\\/sasaki-avant-garde-urban-design-for-las-salinas\\\/#article\",\"isPartOf\":{\"@id\":\"https:\\\/\\\/lassalinas.cl\\\/en\\\/sasaki-avant-garde-urban-design-for-las-salinas\\\/\"},\"author\":{\"name\":\"test_n6zg78\",\"@id\":\"https:\\\/\\\/lassalinas.cl\\\/en\\\/#\\\/schema\\\/person\\\/2cb28f17281d978c10ff80bf255768a9\"},\"headline\":\"Sasaki, avant-garde urban design for Las Salinas\",\"datePublished\":\"2015-10-13T00:00:00+00:00\",\"mainEntityOfPage\":{\"@id\":\"https:\\\/\\\/lassalinas.cl\\\/en\\\/sasaki-avant-garde-urban-design-for-las-salinas\\\/\"},\"wordCount\":224,\"image\":{\"@id\":\"https:\\\/\\\/lassalinas.cl\\\/en\\\/sasaki-avant-garde-urban-design-for-las-salinas\\\/#primaryimage\"},\"thumbnailUrl\":\"https:\\\/\\\/lassalinas.cl\\\/wp-content\\\/uploads\\\/2024\\\/10\\\/00-Sasaki-People.avif\",\"keywords\":[\"Publications and media\"],\"articleSection\":[\"Publications and Media\",\"Urban process\"],\"inLanguage\":\"en-US\"},{\"@type\":[\"WebPage\",\"ItemPage\"],\"@id\":\"https:\\\/\\\/lassalinas.cl\\\/en\\\/sasaki-avant-garde-urban-design-for-las-salinas\\\/\",\"url\":\"https:\\\/\\\/lassalinas.cl\\\/en\\\/sasaki-avant-garde-urban-design-for-las-salinas\\\/\",\"name\":\"Sasaki, avant-garde urban design for Las Salinas - Las Salinas\",\"isPartOf\":{\"@id\":\"https:\\\/\\\/lassalinas.cl\\\/en\\\/#website\"},\"primaryImageOfPage\":{\"@id\":\"https:\\\/\\\/lassalinas.cl\\\/en\\\/sasaki-avant-garde-urban-design-for-las-salinas\\\/#primaryimage\"},\"image\":{\"@id\":\"https:\\\/\\\/lassalinas.cl\\\/en\\\/sasaki-avant-garde-urban-design-for-las-salinas\\\/#primaryimage\"},\"thumbnailUrl\":\"https:\\\/\\\/lassalinas.cl\\\/wp-content\\\/uploads\\\/2024\\\/10\\\/00-Sasaki-People.avif\",\"datePublished\":\"2015-10-13T00:00:00+00:00\",\"author\":{\"@id\":\"https:\\\/\\\/lassalinas.cl\\\/en\\\/#\\\/schema\\\/person\\\/2cb28f17281d978c10ff80bf255768a9\"},\"description\":\"Descubre c\u00f3mo estamos recuperando un espacio emblem\u00e1tico para la ciudad a trav\u00e9s del saneamiento de suelos contaminados.\",\"breadcrumb\":{\"@id\":\"https:\\\/\\\/lassalinas.cl\\\/en\\\/sasaki-avant-garde-urban-design-for-las-salinas\\\/#breadcrumb\"},\"inLanguage\":\"en-US\",\"potentialAction\":[{\"@type\":\"ReadAction\",\"target\":[\"https:\\\/\\\/lassalinas.cl\\\/en\\\/sasaki-avant-garde-urban-design-for-las-salinas\\\/\"]}]},{\"@type\":\"ImageObject\",\"inLanguage\":\"en-US\",\"@id\":\"https:\\\/\\\/lassalinas.cl\\\/en\\\/sasaki-avant-garde-urban-design-for-las-salinas\\\/#primaryimage\",\"url\":\"https:\\\/\\\/lassalinas.cl\\\/wp-content\\\/uploads\\\/2024\\\/10\\\/00-Sasaki-People.avif\",\"contentUrl\":\"https:\\\/\\\/lassalinas.cl\\\/wp-content\\\/uploads\\\/2024\\\/10\\\/00-Sasaki-People.avif\",\"width\":945,\"height\":503},{\"@type\":\"BreadcrumbList\",\"@id\":\"https:\\\/\\\/lassalinas.cl\\\/en\\\/sasaki-avant-garde-urban-design-for-las-salinas\\\/#breadcrumb\",\"itemListElement\":[{\"@type\":\"ListItem\",\"position\":1,\"name\":\"Portada\",\"item\":\"https:\\\/\\\/lassalinas.cl\\\/en\\\/\"},{\"@type\":\"ListItem\",\"position\":2,\"name\":\"Sasaki, avant-garde urban design for Las Salinas\"}]},{\"@type\":\"WebSite\",\"@id\":\"https:\\\/\\\/lassalinas.cl\\\/en\\\/#website\",\"url\":\"https:\\\/\\\/lassalinas.cl\\\/en\\\/\",\"name\":\"Las Salinas\",\"description\":\"Impulsando un Vi\u00f1a del Mar m\u00e1s sustentable\",\"potentialAction\":[{\"@type\":\"SearchAction\",\"target\":{\"@type\":\"EntryPoint\",\"urlTemplate\":\"https:\\\/\\\/lassalinas.cl\\\/en\\\/?s={search_term_string}\"},\"query-input\":{\"@type\":\"PropertyValueSpecification\",\"valueRequired\":true,\"valueName\":\"search_term_string\"}}],\"inLanguage\":\"en-US\"},{\"@type\":\"Person\",\"@id\":\"https:\\\/\\\/lassalinas.cl\\\/en\\\/#\\\/schema\\\/person\\\/2cb28f17281d978c10ff80bf255768a9\",\"name\":\"test_n6zg78\",\"sameAs\":[\"https:\\\/\\\/lassalinas.cl\"],\"url\":\"https:\\\/\\\/lassalinas.cl\\\/en\\\/author\\\/test_n6zg78\\\/\"}]}<\/script>\n<!-- \/ Yoast SEO plugin. -->","yoast_head_json":{"title":"Sasaki, avant-garde urban design for Las Salinas - Las Salinas","description":"Descubre c\u00f3mo estamos recuperando un espacio emblem\u00e1tico para la ciudad a trav\u00e9s del saneamiento de suelos contaminados.","robots":{"index":"index","follow":"follow","max-snippet":"max-snippet:-1","max-image-preview":"max-image-preview:large","max-video-preview":"max-video-preview:-1"},"canonical":"https:\/\/lassalinas.cl\/en\/sasaki-avant-garde-urban-design-for-las-salinas\/","og_locale":"en_US","og_type":"article","og_title":"Sasaki, avant-garde urban design for Las Salinas - Las Salinas","og_description":"Descubre c\u00f3mo estamos recuperando un espacio emblem\u00e1tico para la ciudad a trav\u00e9s del saneamiento de suelos contaminados.","og_url":"https:\/\/lassalinas.cl\/en\/sasaki-avant-garde-urban-design-for-las-salinas\/","og_site_name":"Las Salinas","article_publisher":"https:\/\/web.facebook.com\/somoslassalinas","article_published_time":"2015-10-13T00:00:00+00:00","og_image":[{"url":"https:\/\/lassalinas.cl\/wp-content\/uploads\/2024\/10\/00-Sasaki-People.jpg","width":1,"height":1,"type":"image\/jpeg"}],"author":"test_n6zg78","twitter_card":"summary_large_image","twitter_creator":"@SomosLasSalinas","twitter_site":"@SomosLasSalinas","twitter_misc":{"Written by":"test_n6zg78","Est. reading time":"1 minute"},"schema":{"@context":"https:\/\/schema.org","@graph":[{"@type":"Article","@id":"https:\/\/lassalinas.cl\/en\/sasaki-avant-garde-urban-design-for-las-salinas\/#article","isPartOf":{"@id":"https:\/\/lassalinas.cl\/en\/sasaki-avant-garde-urban-design-for-las-salinas\/"},"author":{"name":"test_n6zg78","@id":"https:\/\/lassalinas.cl\/en\/#\/schema\/person\/2cb28f17281d978c10ff80bf255768a9"},"headline":"Sasaki, avant-garde urban design for Las Salinas","datePublished":"2015-10-13T00:00:00+00:00","mainEntityOfPage":{"@id":"https:\/\/lassalinas.cl\/en\/sasaki-avant-garde-urban-design-for-las-salinas\/"},"wordCount":224,"image":{"@id":"https:\/\/lassalinas.cl\/en\/sasaki-avant-garde-urban-design-for-las-salinas\/#primaryimage"},"thumbnailUrl":"https:\/\/lassalinas.cl\/wp-content\/uploads\/2024\/10\/00-Sasaki-People.avif","keywords":["Publications and media"],"articleSection":["Publications and Media","Urban process"],"inLanguage":"en-US"},{"@type":["WebPage","ItemPage"],"@id":"https:\/\/lassalinas.cl\/en\/sasaki-avant-garde-urban-design-for-las-salinas\/","url":"https:\/\/lassalinas.cl\/en\/sasaki-avant-garde-urban-design-for-las-salinas\/","name":"Sasaki, avant-garde urban design for Las Salinas - Las Salinas","isPartOf":{"@id":"https:\/\/lassalinas.cl\/en\/#website"},"primaryImageOfPage":{"@id":"https:\/\/lassalinas.cl\/en\/sasaki-avant-garde-urban-design-for-las-salinas\/#primaryimage"},"image":{"@id":"https:\/\/lassalinas.cl\/en\/sasaki-avant-garde-urban-design-for-las-salinas\/#primaryimage"},"thumbnailUrl":"https:\/\/lassalinas.cl\/wp-content\/uploads\/2024\/10\/00-Sasaki-People.avif","datePublished":"2015-10-13T00:00:00+00:00","author":{"@id":"https:\/\/lassalinas.cl\/en\/#\/schema\/person\/2cb28f17281d978c10ff80bf255768a9"},"description":"Descubre c\u00f3mo estamos recuperando un espacio emblem\u00e1tico para la ciudad a trav\u00e9s del saneamiento de suelos contaminados.","breadcrumb":{"@id":"https:\/\/lassalinas.cl\/en\/sasaki-avant-garde-urban-design-for-las-salinas\/#breadcrumb"},"inLanguage":"en-US","potentialAction":[{"@type":"ReadAction","target":["https:\/\/lassalinas.cl\/en\/sasaki-avant-garde-urban-design-for-las-salinas\/"]}]},{"@type":"ImageObject","inLanguage":"en-US","@id":"https:\/\/lassalinas.cl\/en\/sasaki-avant-garde-urban-design-for-las-salinas\/#primaryimage","url":"https:\/\/lassalinas.cl\/wp-content\/uploads\/2024\/10\/00-Sasaki-People.avif","contentUrl":"https:\/\/lassalinas.cl\/wp-content\/uploads\/2024\/10\/00-Sasaki-People.avif","width":945,"height":503},{"@type":"BreadcrumbList","@id":"https:\/\/lassalinas.cl\/en\/sasaki-avant-garde-urban-design-for-las-salinas\/#breadcrumb","itemListElement":[{"@type":"ListItem","position":1,"name":"Portada","item":"https:\/\/lassalinas.cl\/en\/"},{"@type":"ListItem","position":2,"name":"Sasaki, avant-garde urban design for Las Salinas"}]},{"@type":"WebSite","@id":"https:\/\/lassalinas.cl\/en\/#website","url":"https:\/\/lassalinas.cl\/en\/","name":"Las Salinas","description":"Impulsando un Vi\u00f1a del Mar m\u00e1s sustentable","potentialAction":[{"@type":"SearchAction","target":{"@type":"EntryPoint","urlTemplate":"https:\/\/lassalinas.cl\/en\/?s={search_term_string}"},"query-input":{"@type":"PropertyValueSpecification","valueRequired":true,"valueName":"search_term_string"}}],"inLanguage":"en-US"},{"@type":"Person","@id":"https:\/\/lassalinas.cl\/en\/#\/schema\/person\/2cb28f17281d978c10ff80bf255768a9","name":"test_n6zg78","sameAs":["https:\/\/lassalinas.cl"],"url":"https:\/\/lassalinas.cl\/en\/author\/test_n6zg78\/"}]}},"_links":{"self":[{"href":"https:\/\/lassalinas.cl\/en\/wp-json\/wp\/v2\/posts\/3915","targetHints":{"allow":["GET"]}}],"collection":[{"href":"https:\/\/lassalinas.cl\/en\/wp-json\/wp\/v2\/posts"}],"about":[{"href":"https:\/\/lassalinas.cl\/en\/wp-json\/wp\/v2\/types\/post"}],"author":[{"embeddable":true,"href":"https:\/\/lassalinas.cl\/en\/wp-json\/wp\/v2\/users\/1"}],"replies":[{"embeddable":true,"href":"https:\/\/lassalinas.cl\/en\/wp-json\/wp\/v2\/comments?post=3915"}],"version-history":[{"count":0,"href":"https:\/\/lassalinas.cl\/en\/wp-json\/wp\/v2\/posts\/3915\/revisions"}],"wp:featuredmedia":[{"embeddable":true,"href":"https:\/\/lassalinas.cl\/en\/wp-json\/wp\/v2\/media\/928"}],"wp:attachment":[{"href":"https:\/\/lassalinas.cl\/en\/wp-json\/wp\/v2\/media?parent=3915"}],"wp:term":[{"taxonomy":"category","embeddable":true,"href":"https:\/\/lassalinas.cl\/en\/wp-json\/wp\/v2\/categories?post=3915"},{"taxonomy":"post_tag","embeddable":true,"href":"https:\/\/lassalinas.cl\/en\/wp-json\/wp\/v2\/tags?post=3915"}],"curies":[{"name":"wp","href":"https:\/\/api.w.org\/{rel}","templated":true}]}}